{"id":200209,"date":"2025-11-10T13:00:32","date_gmt":"2025-11-10T19:00:32","guid":{"rendered":"https:\/\/nvnoticias.mx\/?p=200209"},"modified":"2025-11-10T13:00:37","modified_gmt":"2025-11-10T19:00:37","slug":"guillermo-del-toro-convencio-a-jacob-elordi-de-ver-las-versiones-anteriores-de-frankenstein","status":"publish","type":"post","link":"https:\/\/nvnoticias.mx\/index.php\/2025\/11\/10\/guillermo-del-toro-convencio-a-jacob-elordi-de-ver-las-versiones-anteriores-de-frankenstein\/","title":{"rendered":"Guillermo del Toro convenci\u00f3 a Jacob Elordi de ver las versiones anteriores de &#8216;Frankenstein&#8217;"},"content":{"rendered":"\n<p>En una entrevista en&nbsp;<em>Variety<\/em>, Jacob Elordi cont\u00f3 la conversaci\u00f3n que tuvo con Guillermo del Toro antes de comenzar a filmar Frankenstein. El actor quer\u00eda prepararse,&nbsp;<strong>pero tambi\u00e9n tem\u00eda dejarse influenciar por las interpretaciones previas del monstruo<\/strong>, desde la ic\u00f3nica versi\u00f3n de Boris Karloff hasta las adaptaciones m\u00e1s modernas.<\/p>\n\n\n\n<p>As\u00ed que, con toda la cautela del mundo, le pregunt\u00f3 al director si deb\u00eda ver las otras de&nbsp;<em>Frankenstein<\/em>. Y la respuesta que obtuvo fue del estilo m\u00e1s puro Del Toro. \u00bfQu\u00e9 demonios quieres decir?&#8221;, record\u00f3 entre risas.&nbsp;<strong>&#8220;Le dije: &#8216;Bueno, no quiero que me influya&#8217;. Y \u00e9l me respondi\u00f3: &#8216;Amigo, es una pel\u00edcula, no te puede hacer da\u00f1o'&#8221;, dijo sobre su encuentro<\/strong>.<\/p>\n\n\n\n<p><strong>Elordi confes\u00f3 que, despu\u00e9s de eso, lleg\u00f3 a casa y se vio todas las pel\u00edculas de Frankenstein de corrido<\/strong>. Un marat\u00f3n de terror cl\u00e1sico que, seg\u00fan \u00e9l, lo ayud\u00f3 a conectar con la esencia del personaje desde una nueva perspectiva.<\/p>\n\n\n\n<p><\/p>\n","protected":false},"excerpt":{"rendered":"<p>En una entrevista en&nbsp;Variety, Jacob Elordi cont\u00f3 la conversaci\u00f3n que tuvo con Guillermo del Toro antes de comenzar a filmar Frankenstein. El actor quer\u00eda prepararse,&nbsp;pero tambi\u00e9n tem\u00eda dejarse influenciar por las interpretaciones previas del monstruo, desde la ic\u00f3nica versi\u00f3n de Boris Karloff hasta las adaptaciones m\u00e1s modernas. As\u00ed que, con toda la cautela del mundo, [&hellip;]<\/p>\n","protected":false},"author":35,"featured_media":200213,"comment_status":"open","ping_status":"open","sticky":false,"template":"","format":"standard","meta":{"_monsterinsights_skip_tracking":false,"_monsterinsights_sitenote_active":false,"_monsterinsights_sitenote_note":"","_monsterinsights_sitenote_category":0,"footnotes":""},"categories":[576],"tags":[32599,8767,5539],"class_list":["post-200209","post","type-post","status-publish","format-standard","has-post-thumbnail","hentry","category-ocio","tag-frankenstein","tag-guillermo-del-toro","tag-jacob-elordi","wp-image-borders"],"amp_enabled":true,"_links":{"self":[{"href":"https:\/\/nvnoticias.mx\/index.php\/wp-json\/wp\/v2\/posts\/200209","targetHints":{"allow":["GET"]}}],"collection":[{"href":"https:\/\/nvnoticias.mx\/index.php\/wp-json\/wp\/v2\/posts"}],"about":[{"href":"https:\/\/nvnoticias.mx\/index.php\/wp-json\/wp\/v2\/types\/post"}],"author":[{"embeddable":true,"href":"https:\/\/nvnoticias.mx\/index.php\/wp-json\/wp\/v2\/users\/35"}],"replies":[{"embeddable":true,"href":"https:\/\/nvnoticias.mx\/index.php\/wp-json\/wp\/v2\/comments?post=200209"}],"version-history":[{"count":3,"href":"https:\/\/nvnoticias.mx\/index.php\/wp-json\/wp\/v2\/posts\/200209\/revisions"}],"predecessor-version":[{"id":200215,"href":"https:\/\/nvnoticias.mx\/index.php\/wp-json\/wp\/v2\/posts\/200209\/revisions\/200215"}],"wp:featuredmedia":[{"embeddable":true,"href":"https:\/\/nvnoticias.mx\/index.php\/wp-json\/wp\/v2\/media\/200213"}],"wp:attachment":[{"href":"https:\/\/nvnoticias.mx\/index.php\/wp-json\/wp\/v2\/media?parent=200209"}],"wp:term":[{"taxonomy":"category","embeddable":true,"href":"https:\/\/nvnoticias.mx\/index.php\/wp-json\/wp\/v2\/categories?post=200209"},{"taxonomy":"post_tag","embeddable":true,"href":"https:\/\/nvnoticias.mx\/index.php\/wp-json\/wp\/v2\/tags?post=200209"}],"curies":[{"name":"wp","href":"https:\/\/api.w.org\/{rel}","templated":true}]}}