{"id":200185,"date":"2025-11-10T12:42:17","date_gmt":"2025-11-10T18:42:17","guid":{"rendered":"https:\/\/nvnoticias.mx\/?p=200185"},"modified":"2025-11-10T12:42:22","modified_gmt":"2025-11-10T18:42:22","slug":"sheinbaum-descarta-que-la-violencia-afuera-de-estadios-afecte-en-la-copa-mundial-2026","status":"publish","type":"post","link":"https:\/\/nvnoticias.mx\/index.php\/2025\/11\/10\/sheinbaum-descarta-que-la-violencia-afuera-de-estadios-afecte-en-la-copa-mundial-2026\/","title":{"rendered":"Sheinbaum descarta que la violencia afuera de estadios afecte en la Copa Mundial 2026"},"content":{"rendered":"\n<p>Durante la\u00a0<strong>conferencia de prensa<\/strong>\u00a0del 10 de noviembre de 2025, encabezada por la presidenta de M\u00e9xico,\u00a0<strong>Claudia Sheinbaum Pardo, se abord\u00f3 el tema de seguridad<\/strong>\u00a0en el marco de la<strong>\u00a0FIFA 2026<\/strong>.<a href=\"https:\/\/www.infobae.com\/mexico\/2025\/11\/10\/beca-rita-cetina-2025-el-pago-sera-en-el-mes-de-noviembre-o-diciembre\/\" target=\"_blank\" rel=\"noreferrer noopener\"><\/a><\/p>\n\n\n\n<p>De acuerdo con&nbsp;<strong>Jurgen Mainka Ruiz<\/strong>, director ejecutivo de la FIFA en M\u00e9xico, llevan tres a\u00f1os trabajando con el gobierno federal y todos los \u00f3rdenes, por lo que est\u00e1n seguros de que los&nbsp;<strong>protocolos&nbsp;<\/strong>en M\u00e9xico garantizar\u00e1n la&nbsp;<strong>seguridad&nbsp;<\/strong>de todos los asistentes.<\/p>\n\n\n\n<p>\u201cEstamos muy confiados de que todos los planes que se est\u00e1n implementando para el mundial dar\u00e1n el marco de seguridad para todos los aficionados, equipos y \u00e1rbitros en 2026\u2033, sentenci\u00f3 Mainka Ruiz.<a href=\"https:\/\/www.infobae.com\/mexico\/2025\/11\/10\/quien-era-la-chucky-la-sicaria-del-cartel-del-golfo-que-fue-abatida-en-reynosa\/\" target=\"_blank\" rel=\"noreferrer noopener\"><\/a><\/p>\n\n\n\n<p>\u201cCada caso ha sido distinto, no hay un patr\u00f3n desarrollado en particular. Lo que buscamos es que todos los aficionados vayan de manera pac\u00edfica y si bien despierta pasi\u00f3n el apoyar a un pa\u00eds o a otro, que sea parte del desarrollo pac\u00edfico de esta&nbsp;<strong>justa deportiva<\/strong>\u201d, se\u00f1al\u00f3 la mandataria.<\/p>\n\n\n\n<p>Agreg\u00f3 que pondr\u00e1n todo el apoyo para que no se presente ninguna situaci\u00f3n de este tipo, aclarando que \u201cquienes llevan principalmente la seguridad en los estadios son los gobiernos estatales\u201d.<\/p>\n\n\n\n<p>Por otro lado, la presidenta mencion\u00f3 que una manera de fomentar el deporte se lleva a cabo en la actualidad con la&nbsp;<strong>recuperaci\u00f3n de espacios p\u00fablicos<\/strong>&nbsp;en diferentes alcald\u00edas. Entre estos sitios, figuran las canchas de futbol, con las que adem\u00e1s se busca la creaci\u00f3n de semilleros y que sean lugares que prosperen a\u00fan despu\u00e9s de la conclusi\u00f3n del mundial.<\/p>\n\n\n\n<p>La idea en s\u00ed es llevar a cabo uno de los cuatro ejes fundamentales del Plan M\u00e9xico, con el cual busca atender las causas de inseguridad y violencia en el pa\u00eds, por lo que una de sus propuestas es atender a la poblaci\u00f3n infantil acercando y promoviendo actividades que fomenten la salud, el deporte, la educaci\u00f3n y la paz.<\/p>\n\n\n\n<p>La mandataria ha comentado en reiteradas ocasiones que la forma de atender la problem\u00e1tica no es confrontando al crimen organizado y a los grupos delictivos con las armas, sino atacando el problema de ra\u00edz.<\/p>\n\n\n\n<p>Por esa raz\u00f3n es que, con estas acciones, la mandataria espera que las personas puedan \u201cser parte de un equipo y jugar en un deportivo p\u00fablico y al mismo tiempo que puedan generarse semilleros, de tal manera que aquellos ni\u00f1os y ni\u00f1as que tienen talento y que quieren seguirse desarrollando y han so\u00f1ado ser parte profesional o de otro nivel competitivo, que tambi\u00e9n tengan el apoyo de los gobiernos estatales y del federal.<\/p>\n\n\n\n<p>Fuente: <a href=\"https:\/\/www.infobae.com\/mexico\/2025\/11\/10\/sheinbaum-descarta-que-la-violencia-afuera-de-estadios-afecte-en-la-copa-mundial-2026-son-casos-distintos\/\">Infobae<\/a><\/p>\n","protected":false},"excerpt":{"rendered":"<p>Durante la\u00a0conferencia de prensa\u00a0del 10 de noviembre de 2025, encabezada por la presidenta de M\u00e9xico,\u00a0Claudia Sheinbaum Pardo, se abord\u00f3 el tema de seguridad\u00a0en el marco de la\u00a0FIFA 2026. De acuerdo con&nbsp;Jurgen Mainka Ruiz, director ejecutivo de la FIFA en M\u00e9xico, llevan tres a\u00f1os trabajando con el gobierno federal y todos los \u00f3rdenes, por lo que [&hellip;]<\/p>\n","protected":false},"author":35,"featured_media":200187,"comment_status":"open","ping_status":"open","sticky":false,"template":"","format":"standard","meta":{"_monsterinsights_skip_tracking":false,"_monsterinsights_sitenote_active":false,"_monsterinsights_sitenote_note":"","_monsterinsights_sitenote_category":0,"footnotes":""},"categories":[157],"tags":[2801,26931,162],"class_list":["post-200185","post","type-post","status-publish","format-standard","has-post-thumbnail","hentry","category-nacional","tag-claudia-sheinbaum","tag-copa-mundial","tag-portada","wp-image-borders"],"amp_enabled":true,"_links":{"self":[{"href":"https:\/\/nvnoticias.mx\/index.php\/wp-json\/wp\/v2\/posts\/200185","targetHints":{"allow":["GET"]}}],"collection":[{"href":"https:\/\/nvnoticias.mx\/index.php\/wp-json\/wp\/v2\/posts"}],"about":[{"href":"https:\/\/nvnoticias.mx\/index.php\/wp-json\/wp\/v2\/types\/post"}],"author":[{"embeddable":true,"href":"https:\/\/nvnoticias.mx\/index.php\/wp-json\/wp\/v2\/users\/35"}],"replies":[{"embeddable":true,"href":"https:\/\/nvnoticias.mx\/index.php\/wp-json\/wp\/v2\/comments?post=200185"}],"version-history":[{"count":2,"href":"https:\/\/nvnoticias.mx\/index.php\/wp-json\/wp\/v2\/posts\/200185\/revisions"}],"predecessor-version":[{"id":200188,"href":"https:\/\/nvnoticias.mx\/index.php\/wp-json\/wp\/v2\/posts\/200185\/revisions\/200188"}],"wp:featuredmedia":[{"embeddable":true,"href":"https:\/\/nvnoticias.mx\/index.php\/wp-json\/wp\/v2\/media\/200187"}],"wp:attachment":[{"href":"https:\/\/nvnoticias.mx\/index.php\/wp-json\/wp\/v2\/media?parent=200185"}],"wp:term":[{"taxonomy":"category","embeddable":true,"href":"https:\/\/nvnoticias.mx\/index.php\/wp-json\/wp\/v2\/categories?post=200185"},{"taxonomy":"post_tag","embeddable":true,"href":"https:\/\/nvnoticias.mx\/index.php\/wp-json\/wp\/v2\/tags?post=200185"}],"curies":[{"name":"wp","href":"https:\/\/api.w.org\/{rel}","templated":true}]}}