{"id":200104,"date":"2025-11-09T18:03:24","date_gmt":"2025-11-10T00:03:24","guid":{"rendered":"https:\/\/nvnoticias.mx\/?p=200104"},"modified":"2025-11-09T18:03:28","modified_gmt":"2025-11-10T00:03:28","slug":"gana-joselyn-solis-jugadora-del-puebla-bronce-con-mexico-en-mundial-sub-17","status":"publish","type":"post","link":"https:\/\/nvnoticias.mx\/index.php\/2025\/11\/09\/gana-joselyn-solis-jugadora-del-puebla-bronce-con-mexico-en-mundial-sub-17\/","title":{"rendered":"Gana Joselyn Sol\u00eds jugadora del Puebla bronce con M\u00e9xico en Mundial Sub 17"},"content":{"rendered":"\n<p><\/p>\n\n\n\n<p>Joselyn Sol\u00eds D\u00edaz es jugadora ofensiva en el Club Puebla Femenil y form\u00f3 parte de la Selecci\u00f3n Mexicana Femenil Sub-17 que conquist\u00f3 la medalla de bronce en la Copa Mundial 2025 Sub 17.<\/p>\n\n\n\n<p>La integrante del conjunto de La Franja Femenil apareci\u00f3 en la alineaci\u00f3n titular que enfrent\u00f3 a Brasil en el partido por el tercer lugar de la justa organizada por la Federaci\u00f3n Internacional de Futbol Asociaci\u00f3n (FIFA) y que, por primera ocasi\u00f3n, se disput\u00f3 en Marruecos.<\/p>\n\n\n\n<p>Sol\u00eds D\u00edaz, quien porta el n\u00famero 11, fue una pieza clave en la estrategia que implement\u00f3 el director t\u00e9cnico, Miguel Cambero, en cada uno de los partidos que disput\u00f3 la selecci\u00f3n mexicana.<\/p>\n\n\n\n<p><strong>Club Puebla Femenil reconoce a Joselyn Sol\u00eds<br><\/strong>El Club Puebla Femenil reconoci\u00f3 a su jugadora Joselyn Sol\u00eds D\u00edaz por su participaci\u00f3n en la selecci\u00f3n mexicana que gan\u00f3 el tercer lugar en la Copa Mundial 2025 Sub 17 tras vencer en la serie de penales a la representaci\u00f3n de Brasil.<\/p>\n\n\n\n<p>\u201c\u00a1Orgullosas de ti, Jos Sol\u00eds! Representaste dignamente a M\u00e9xico en este Mundial Sub17 y hoy estas dentro de las mejores del mundo. Gran trabajo con la Selecci\u00f3n Nacional de M\u00e9xico Femenil, lo mereces\u201d, destac\u00f3 el conjunto de Las Camoteras.<br>La selecci\u00f3n mexicana conquist\u00f3 la presea de tercer lugar en la justa mundialista luego de superar la fase de grupos y llegar hasta las semifinales. Con la participaci\u00f3n de Joselyn Sol\u00eds D\u00edaz, jugadora de La Franja, el combinado mexicano femenil venci\u00f3 1-0 a Camer\u00fan; luego derrot\u00f3 a Paraguay en octavos; y super\u00f3 a Italia en cuartos de final en la serie de penaltis tras empate sin goles en el tiempo reglamentario.<\/p>\n\n\n\n<p>Dentro de la ronda de semifinales, el combinado mexicano cay\u00f3 por la m\u00ednima diferencia ante Pa\u00edses Bajos, con lo cual, no avanz\u00f3 a la final, pero gan\u00f3 el derecho de luchar por el tercer lugar.<\/p>\n\n\n\n<p>Fuente: <a href=\"https:\/\/www.milenio.com\/futbol-internacional\/seleccion-mexicana\/mundial-sub-17-joselyn-solis-jugadora-puebla-gana-bronce-mexico\"><strong>Milenio<\/strong><\/a><br><\/p>\n","protected":false},"excerpt":{"rendered":"<p>Joselyn Sol\u00eds D\u00edaz es jugadora ofensiva en el Club Puebla Femenil y form\u00f3 parte de la Selecci\u00f3n Mexicana Femenil Sub-17 que conquist\u00f3 la medalla de bronce en la Copa Mundial 2025 Sub 17. La integrante del conjunto de La Franja Femenil apareci\u00f3 en la alineaci\u00f3n titular que enfrent\u00f3 a Brasil en el partido por el [&hellip;]<\/p>\n","protected":false},"author":6,"featured_media":200105,"comment_status":"open","ping_status":"open","sticky":false,"template":"","format":"standard","meta":{"_monsterinsights_skip_tracking":false,"_monsterinsights_sitenote_active":false,"_monsterinsights_sitenote_note":"","_monsterinsights_sitenote_category":0,"footnotes":""},"categories":[159],"tags":[32597,20293],"class_list":["post-200104","post","type-post","status-publish","format-standard","has-post-thumbnail","hentry","category-deportes","tag-joselyn-solis","tag-mundial-sub-17-femenil","wp-image-borders"],"amp_enabled":true,"_links":{"self":[{"href":"https:\/\/nvnoticias.mx\/index.php\/wp-json\/wp\/v2\/posts\/200104","targetHints":{"allow":["GET"]}}],"collection":[{"href":"https:\/\/nvnoticias.mx\/index.php\/wp-json\/wp\/v2\/posts"}],"about":[{"href":"https:\/\/nvnoticias.mx\/index.php\/wp-json\/wp\/v2\/types\/post"}],"author":[{"embeddable":true,"href":"https:\/\/nvnoticias.mx\/index.php\/wp-json\/wp\/v2\/users\/6"}],"replies":[{"embeddable":true,"href":"https:\/\/nvnoticias.mx\/index.php\/wp-json\/wp\/v2\/comments?post=200104"}],"version-history":[{"count":1,"href":"https:\/\/nvnoticias.mx\/index.php\/wp-json\/wp\/v2\/posts\/200104\/revisions"}],"predecessor-version":[{"id":200106,"href":"https:\/\/nvnoticias.mx\/index.php\/wp-json\/wp\/v2\/posts\/200104\/revisions\/200106"}],"wp:featuredmedia":[{"embeddable":true,"href":"https:\/\/nvnoticias.mx\/index.php\/wp-json\/wp\/v2\/media\/200105"}],"wp:attachment":[{"href":"https:\/\/nvnoticias.mx\/index.php\/wp-json\/wp\/v2\/media?parent=200104"}],"wp:term":[{"taxonomy":"category","embeddable":true,"href":"https:\/\/nvnoticias.mx\/index.php\/wp-json\/wp\/v2\/categories?post=200104"},{"taxonomy":"post_tag","embeddable":true,"href":"https:\/\/nvnoticias.mx\/index.php\/wp-json\/wp\/v2\/tags?post=200104"}],"curies":[{"name":"wp","href":"https:\/\/api.w.org\/{rel}","templated":true}]}}