{"id":200058,"date":"2025-11-09T11:47:13","date_gmt":"2025-11-09T17:47:13","guid":{"rendered":"https:\/\/nvnoticias.mx\/?p=200058"},"modified":"2025-11-09T11:47:16","modified_gmt":"2025-11-09T17:47:16","slug":"por-segunda-ocasion-detienen-a-exagente-del-cisen-esta-relacionado-con-el-caso-colosio","status":"publish","type":"post","link":"https:\/\/nvnoticias.mx\/index.php\/2025\/11\/09\/por-segunda-ocasion-detienen-a-exagente-del-cisen-esta-relacionado-con-el-caso-colosio\/","title":{"rendered":"Por segunda ocasi\u00f3n detienen a exagente del Cisen; est\u00e1 relacionado con el caso Colosio"},"content":{"rendered":"\n<p><\/p>\n\n\n\n<p>La\u00a0<strong>Fiscal\u00eda General de la Rep\u00fablica<\/strong>, delegaci\u00f3n Tijuana en Baja California, arrest\u00f3 a Jorge Antonio S\u00e1nchez Ortega, exagente del extinto Centro de Investigaci\u00f3n y Seguridad Nacional (<strong>Cisen<\/strong>) en Tijuana.<\/p>\n\n\n\n<p>De acuerdo al Registro Nacional de Detenciones, fue detenido por la\u00a0<strong>Polic\u00eda Federal Ministerial<\/strong>\u00a0el s\u00e1bado a las 16:37 horas en la Colonia Los Reyes, entre las calles Rey Carlos y calle Rey Baltazar en la localidad de\u00a0<strong>Tijuana<\/strong>.<\/p>\n\n\n\n<p>En la descripci\u00f3n es se\u00f1alado como un hombre de la tercera edad, aproximadamente de 1.65 de altura, portaba una camisa manga larga a cuadros con chamarra gris, pantal\u00f3n de vestir negro, zapatos color caf\u00e9, tiene bigote y cabello entre cano. La autoridad que lo tiene a su disposici\u00f3n es un juez federal, sin embargo, no se precisa el motivo.<\/p>\n\n\n\n<p>Desde hace m\u00e1s de tres d\u00e9cadas S\u00e1nchez Ortega ha sido se\u00f1alado como el presunto segundo tirador en el caso del asesinato del entonces candidato presidencial del PRI,\u00a0<strong>Luis Donaldo Colosio<\/strong>\u00a0en 1994 en Lomas Taurinas, Tijuana.<\/p>\n\n\n\n<p>Los hechos ocurrieron el 23 de marzo del 1994, cuando Colosio caminaba entre los m\u00e1s de cuatro mil presentes y fue atacado con disparos y\u00a0<strong>Mario Aburto Mart\u00ednez<\/strong>\u00a0fue capturado como el responsable de los hechos.<\/p>\n\n\n\n<p>En esa ocasi\u00f3n tambi\u00e9n fue detenido S\u00e1nchez Ortega debido a que su chamarra estaba salpicada de sangre del candidato presidencial, adem\u00e1s la prueba de rodizonato, que se utiliza para identificar a las personas que han usado un arma de fuego, dio positivo.<\/p>\n\n\n\n<p>Posteriormente, la entonces Procuradur\u00eda General de la Rep\u00fablica lo puso en libertad, porque se estableci\u00f3 que el arma que hab\u00edan utilizado era de Mario Aburto.<\/p>\n\n\n\n<p><a href=\"https:\/\/www.eluniversal.com.mx\/nacion\/vigilara-la-marina-el-aicm-con-mas-de-3-mil-camaras-inteligentes\/\"><\/a><\/p>\n","protected":false},"excerpt":{"rendered":"<p>La\u00a0Fiscal\u00eda General de la Rep\u00fablica, delegaci\u00f3n Tijuana en Baja California, arrest\u00f3 a Jorge Antonio S\u00e1nchez Ortega, exagente del extinto Centro de Investigaci\u00f3n y Seguridad Nacional (Cisen) en Tijuana. De acuerdo al Registro Nacional de Detenciones, fue detenido por la\u00a0Polic\u00eda Federal Ministerial\u00a0el s\u00e1bado a las 16:37 horas en la Colonia Los Reyes, entre las calles Rey [&hellip;]<\/p>\n","protected":false},"author":6,"featured_media":200059,"comment_status":"open","ping_status":"open","sticky":false,"template":"","format":"standard","meta":{"_monsterinsights_skip_tracking":false,"_monsterinsights_sitenote_active":false,"_monsterinsights_sitenote_note":"","_monsterinsights_sitenote_category":0,"footnotes":""},"categories":[158],"tags":[23125],"class_list":["post-200058","post","type-post","status-publish","format-standard","has-post-thumbnail","hentry","category-politica","tag-caso-colosio","wp-image-borders"],"amp_enabled":true,"_links":{"self":[{"href":"https:\/\/nvnoticias.mx\/index.php\/wp-json\/wp\/v2\/posts\/200058","targetHints":{"allow":["GET"]}}],"collection":[{"href":"https:\/\/nvnoticias.mx\/index.php\/wp-json\/wp\/v2\/posts"}],"about":[{"href":"https:\/\/nvnoticias.mx\/index.php\/wp-json\/wp\/v2\/types\/post"}],"author":[{"embeddable":true,"href":"https:\/\/nvnoticias.mx\/index.php\/wp-json\/wp\/v2\/users\/6"}],"replies":[{"embeddable":true,"href":"https:\/\/nvnoticias.mx\/index.php\/wp-json\/wp\/v2\/comments?post=200058"}],"version-history":[{"count":2,"href":"https:\/\/nvnoticias.mx\/index.php\/wp-json\/wp\/v2\/posts\/200058\/revisions"}],"predecessor-version":[{"id":200061,"href":"https:\/\/nvnoticias.mx\/index.php\/wp-json\/wp\/v2\/posts\/200058\/revisions\/200061"}],"wp:featuredmedia":[{"embeddable":true,"href":"https:\/\/nvnoticias.mx\/index.php\/wp-json\/wp\/v2\/media\/200059"}],"wp:attachment":[{"href":"https:\/\/nvnoticias.mx\/index.php\/wp-json\/wp\/v2\/media?parent=200058"}],"wp:term":[{"taxonomy":"category","embeddable":true,"href":"https:\/\/nvnoticias.mx\/index.php\/wp-json\/wp\/v2\/categories?post=200058"},{"taxonomy":"post_tag","embeddable":true,"href":"https:\/\/nvnoticias.mx\/index.php\/wp-json\/wp\/v2\/tags?post=200058"}],"curies":[{"name":"wp","href":"https:\/\/api.w.org\/{rel}","templated":true}]}}