{"id":199916,"date":"2025-11-07T14:36:09","date_gmt":"2025-11-07T20:36:09","guid":{"rendered":"https:\/\/nvnoticias.mx\/?p=199916"},"modified":"2025-11-07T14:36:14","modified_gmt":"2025-11-07T20:36:14","slug":"ninguna-universidad-publica-ha-tenido-recorte-presupuestal-sheinbaum","status":"publish","type":"post","link":"https:\/\/nvnoticias.mx\/index.php\/2025\/11\/07\/ninguna-universidad-publica-ha-tenido-recorte-presupuestal-sheinbaum\/","title":{"rendered":"Ninguna universidad p\u00fablica ha tenido recorte presupuestal: Sheinbaum"},"content":{"rendered":"\n<p>Ninguna universidad p\u00fablica \u201cha tenido recorte presupuestal\u201d y en aquellas donde hubo una \u201cpeque\u00f1a\u201d disminuci\u00f3n, \u201cse la vamos a reponer\u201d, ratific\u00f3 la presidenta Claudia Sheinbaum Pardo, tras la aprobaci\u00f3n del Presupuesto de Egresos de la Federaci\u00f3n 2026.<\/p>\n\n\n\n<p>\u201cNo hay recorte presupuestal a la educaci\u00f3n superior. El (Instituto) Polit\u00e9cnico (Nacional) y el TecNM (Tecnol\u00f3gico Nacional de M\u00e9xico)&nbsp; tuvieron una peque\u00f1a disminuci\u00f3n, muy peque\u00f1a, y se las vamos a reponer\u201d, afirm\u00f3 en su conferencia de prensa.<\/p>\n\n\n\n<p>Ayer, en el lanzamiento del Centro P\u00fablico de Formaci\u00f3n de Inteligencia Artificial, la escuela m\u00e1s grande de Am\u00e9rica Latina en esa materia, la mandataria se comprometi\u00f3 a elevar el presupuesto de 2026 para el TecNM: \u201cNo te preocupes, Ram\u00f3n (Jim\u00e9nez, director general de la instituci\u00f3n), porque el Tec va a tener m\u00e1s presupuesto en 2026 para poder renovar las computadoras y muchas otras cosas que son absolutamente necesarias\u201d.<\/p>\n\n\n\n<p>Fuente: La <a href=\"https:\/\/www.jornada.com.mx\/noticia\/2025\/11\/07\/politica\/ninguna-universidad-publica-ha-tenido-un-recorte-presupuestal-asegura-sheinbaum\">Jornada<\/a> <\/p>\n","protected":false},"excerpt":{"rendered":"<p>Ninguna universidad p\u00fablica \u201cha tenido recorte presupuestal\u201d y en aquellas donde hubo una \u201cpeque\u00f1a\u201d disminuci\u00f3n, \u201cse la vamos a reponer\u201d, ratific\u00f3 la presidenta Claudia Sheinbaum Pardo, tras la aprobaci\u00f3n del Presupuesto de Egresos de la Federaci\u00f3n 2026. \u201cNo hay recorte presupuestal a la educaci\u00f3n superior. El (Instituto) Polit\u00e9cnico (Nacional) y el TecNM (Tecnol\u00f3gico Nacional de [&hellip;]<\/p>\n","protected":false},"author":35,"featured_media":199917,"comment_status":"open","ping_status":"open","sticky":false,"template":"","format":"standard","meta":{"_monsterinsights_skip_tracking":false,"_monsterinsights_sitenote_active":false,"_monsterinsights_sitenote_note":"","_monsterinsights_sitenote_category":0,"footnotes":""},"categories":[158],"tags":[2801],"class_list":["post-199916","post","type-post","status-publish","format-standard","has-post-thumbnail","hentry","category-politica","tag-claudia-sheinbaum","wp-image-borders"],"amp_enabled":true,"_links":{"self":[{"href":"https:\/\/nvnoticias.mx\/index.php\/wp-json\/wp\/v2\/posts\/199916","targetHints":{"allow":["GET"]}}],"collection":[{"href":"https:\/\/nvnoticias.mx\/index.php\/wp-json\/wp\/v2\/posts"}],"about":[{"href":"https:\/\/nvnoticias.mx\/index.php\/wp-json\/wp\/v2\/types\/post"}],"author":[{"embeddable":true,"href":"https:\/\/nvnoticias.mx\/index.php\/wp-json\/wp\/v2\/users\/35"}],"replies":[{"embeddable":true,"href":"https:\/\/nvnoticias.mx\/index.php\/wp-json\/wp\/v2\/comments?post=199916"}],"version-history":[{"count":2,"href":"https:\/\/nvnoticias.mx\/index.php\/wp-json\/wp\/v2\/posts\/199916\/revisions"}],"predecessor-version":[{"id":199919,"href":"https:\/\/nvnoticias.mx\/index.php\/wp-json\/wp\/v2\/posts\/199916\/revisions\/199919"}],"wp:featuredmedia":[{"embeddable":true,"href":"https:\/\/nvnoticias.mx\/index.php\/wp-json\/wp\/v2\/media\/199917"}],"wp:attachment":[{"href":"https:\/\/nvnoticias.mx\/index.php\/wp-json\/wp\/v2\/media?parent=199916"}],"wp:term":[{"taxonomy":"category","embeddable":true,"href":"https:\/\/nvnoticias.mx\/index.php\/wp-json\/wp\/v2\/categories?post=199916"},{"taxonomy":"post_tag","embeddable":true,"href":"https:\/\/nvnoticias.mx\/index.php\/wp-json\/wp\/v2\/tags?post=199916"}],"curies":[{"name":"wp","href":"https:\/\/api.w.org\/{rel}","templated":true}]}}