{"id":199894,"date":"2025-11-07T13:52:39","date_gmt":"2025-11-07T19:52:39","guid":{"rendered":"https:\/\/nvnoticias.mx\/?p=199894"},"modified":"2025-11-07T13:52:44","modified_gmt":"2025-11-07T19:52:44","slug":"sin-reglamento-congreso-de-veracruz-debera-definir-ruta-para-una-posible-revocacion-de-mandato","status":"publish","type":"post","link":"https:\/\/nvnoticias.mx\/index.php\/2025\/11\/07\/sin-reglamento-congreso-de-veracruz-debera-definir-ruta-para-una-posible-revocacion-de-mandato\/","title":{"rendered":"Sin reglamento, Congreso de Veracruz deber\u00e1 definir ruta para una posible revocaci\u00f3n de mandato"},"content":{"rendered":"\n<p><\/p>\n\n\n\n<p><strong>Sam Ojeda \/ NV Noticias<\/strong><\/p>\n\n\n\n<p>Xalapa.- Ante la falta de un reglamento que regule la figura de revocaci\u00f3n de mandato en Veracruz, ser\u00e1 el Congreso del Estado el que deber\u00e1 definir los pasos a seguir frente a las iniciativas ciudadanas que buscan promover este mecanismo respecto a la gobernadora Roc\u00edo Nahle Garc\u00eda.<\/p>\n\n\n\n<p>La presidenta del Organismo P\u00fablico Local Electoral (OPLE), Marisol Alicia Delgadillo Morales, se\u00f1al\u00f3 que aunque la revocaci\u00f3n est\u00e1 contemplada en la Constituci\u00f3n estatal, \u201cno hay un reglamento en estos momentos para el estado de Veracruz\u201d, por lo que cualquier procedimiento depende de lo que determine el Poder Legislativo.<\/p>\n\n\n\n<p>\u201cHabr\u00e1 que ver cu\u00e1l es la determinaci\u00f3n en ese sentido del Congreso del Estado, y pues en consecuencia nosotros alcanza nuestras atribuciones\u201d, indic\u00f3, al precisar que el OPLE no podr\u00eda actuar por cuenta propia sin un marco legal que establezca las condiciones, tiempos y responsabilidades.<\/p>\n\n\n\n<p>Delgadillo Morales apunt\u00f3 que adem\u00e1s de los recursos necesarios, existen limitaciones de calendario, ya que el organismo comenzar\u00e1 el pr\u00f3ximo a\u00f1o el proceso electoral local. \u201cUna cosa es el presupuesto pero adem\u00e1s otra es que no tendr\u00eda ser durante un tema de proceso electoral\u201d, aclar\u00f3.<\/p>\n\n\n\n<p>A\u00f1adi\u00f3 que este proceso se extender\u00e1 hasta 2027 e incluso podr\u00eda prolongarse a 2028 si hay ajustes en las fechas de los comicios, por lo que cualquier intento de consulta popular deber\u00e1 considerar estos escenarios. \u201cSon escenarios que hay que analizar\u201d, expres\u00f3.<\/p>\n\n\n\n<p>La consejera insisti\u00f3 en que mientras el Congreso no emita reglas espec\u00edficas, la figura de revocaci\u00f3n de mandato seguir\u00e1 siendo un planteamiento constitucional sin v\u00edas pr\u00e1cticas para ejecutarse en la entidad.<\/p>\n","protected":false},"excerpt":{"rendered":"<p>Sam Ojeda \/ NV Noticias Xalapa.- Ante la falta de un reglamento que regule la figura de revocaci\u00f3n de mandato en Veracruz, ser\u00e1 el Congreso del Estado el que deber\u00e1 definir los pasos a seguir frente a las iniciativas ciudadanas que buscan promover este mecanismo respecto a la gobernadora Roc\u00edo Nahle Garc\u00eda. La presidenta del [&hellip;]<\/p>\n","protected":false},"author":8,"featured_media":151761,"comment_status":"open","ping_status":"open","sticky":false,"template":"","format":"standard","meta":{"_monsterinsights_skip_tracking":false,"_monsterinsights_sitenote_active":false,"_monsterinsights_sitenote_note":"","_monsterinsights_sitenote_category":0,"footnotes":""},"categories":[156],"tags":[568,5354],"class_list":["post-199894","post","type-post","status-publish","format-standard","has-post-thumbnail","hentry","category-estado","tag-congreso-de-veracruz","tag-revocacion-de-mandato","wp-image-borders"],"amp_enabled":true,"_links":{"self":[{"href":"https:\/\/nvnoticias.mx\/index.php\/wp-json\/wp\/v2\/posts\/199894","targetHints":{"allow":["GET"]}}],"collection":[{"href":"https:\/\/nvnoticias.mx\/index.php\/wp-json\/wp\/v2\/posts"}],"about":[{"href":"https:\/\/nvnoticias.mx\/index.php\/wp-json\/wp\/v2\/types\/post"}],"author":[{"embeddable":true,"href":"https:\/\/nvnoticias.mx\/index.php\/wp-json\/wp\/v2\/users\/8"}],"replies":[{"embeddable":true,"href":"https:\/\/nvnoticias.mx\/index.php\/wp-json\/wp\/v2\/comments?post=199894"}],"version-history":[{"count":1,"href":"https:\/\/nvnoticias.mx\/index.php\/wp-json\/wp\/v2\/posts\/199894\/revisions"}],"predecessor-version":[{"id":199895,"href":"https:\/\/nvnoticias.mx\/index.php\/wp-json\/wp\/v2\/posts\/199894\/revisions\/199895"}],"wp:featuredmedia":[{"embeddable":true,"href":"https:\/\/nvnoticias.mx\/index.php\/wp-json\/wp\/v2\/media\/151761"}],"wp:attachment":[{"href":"https:\/\/nvnoticias.mx\/index.php\/wp-json\/wp\/v2\/media?parent=199894"}],"wp:term":[{"taxonomy":"category","embeddable":true,"href":"https:\/\/nvnoticias.mx\/index.php\/wp-json\/wp\/v2\/categories?post=199894"},{"taxonomy":"post_tag","embeddable":true,"href":"https:\/\/nvnoticias.mx\/index.php\/wp-json\/wp\/v2\/tags?post=199894"}],"curies":[{"name":"wp","href":"https:\/\/api.w.org\/{rel}","templated":true}]}}