{"id":199806,"date":"2025-11-06T13:42:25","date_gmt":"2025-11-06T19:42:25","guid":{"rendered":"https:\/\/nvnoticias.mx\/?p=199806"},"modified":"2025-11-06T13:42:30","modified_gmt":"2025-11-06T19:42:30","slug":"funcionarios-de-trump-aseguran-que-eu-no-tienen-justificacion-legal-para-atacar-venezuela","status":"publish","type":"post","link":"https:\/\/nvnoticias.mx\/index.php\/2025\/11\/06\/funcionarios-de-trump-aseguran-que-eu-no-tienen-justificacion-legal-para-atacar-venezuela\/","title":{"rendered":"Funcionarios de Trump aseguran que EU no tienen justificaci\u00f3n legal para atacar Venezuela"},"content":{"rendered":"\n<p>Funcionarios de la administraci\u00f3n Trump informaron a los legisladores este mi\u00e9rcoles que Estados Unidos no planea actualmente lanzar ataques dentro de Venezuela y que no tiene una justificaci\u00f3n legal que respalde ataques contra objetivos terrestres en este momento, inform\u00f3 el medio CNN.<\/p>\n\n\n\n<p>Durante la sesi\u00f3n informativa y clasificada realizada por el secretario de Estado Marco Rubio, el secretario de Guerra Pete Hegseth y un funcionario de la Oficina del Asesor Legal de la Casa Blanca, se les inform\u00f3 a los legisladores que la opini\u00f3n emitida por la Oficina del Asesor Legal del Departamento de Justicia para justificar los ataques contra presuntos barcos narcotraficantes, no permite ataques dentro de Venezuela ni en ning\u00fan otro territorio.<\/p>\n\n\n\n<p>La \u201corden de ejecuci\u00f3n\u201d que lanz\u00f3 la campa\u00f1a militar estadunidense contra presuntos barcos narcotraficantes que comenz\u00f3 en septiembre tampoco se extiende a objetivos terrestres, aseguraron los informantes de acuerdo a las fuentes, aunque no descartaron ninguna posible acci\u00f3n futura.<\/p>\n\n\n\n<p>Fuente: La <a href=\"https:\/\/www.jornada.com.mx\/noticia\/2025\/11\/06\/mundo\/senalan-funcionarios-de-trump-que-eu-carece-de-justificacion-para-atacar-venezuela-cnn\">Jornada<\/a> <\/p>\n\n\n\n<p><\/p>\n","protected":false},"excerpt":{"rendered":"<p>Funcionarios de la administraci\u00f3n Trump informaron a los legisladores este mi\u00e9rcoles que Estados Unidos no planea actualmente lanzar ataques dentro de Venezuela y que no tiene una justificaci\u00f3n legal que respalde ataques contra objetivos terrestres en este momento, inform\u00f3 el medio CNN. Durante la sesi\u00f3n informativa y clasificada realizada por el secretario de Estado Marco [&hellip;]<\/p>\n","protected":false},"author":35,"featured_media":199808,"comment_status":"open","ping_status":"open","sticky":false,"template":"","format":"standard","meta":{"_monsterinsights_skip_tracking":false,"_monsterinsights_sitenote_active":false,"_monsterinsights_sitenote_note":"","_monsterinsights_sitenote_category":0,"footnotes":""},"categories":[181],"tags":[230,183,1540],"class_list":["post-199806","post","type-post","status-publish","format-standard","has-post-thumbnail","hentry","category-internacional","tag-donald-trump","tag-estados-unidos","tag-venezuela","wp-image-borders"],"amp_enabled":true,"_links":{"self":[{"href":"https:\/\/nvnoticias.mx\/index.php\/wp-json\/wp\/v2\/posts\/199806","targetHints":{"allow":["GET"]}}],"collection":[{"href":"https:\/\/nvnoticias.mx\/index.php\/wp-json\/wp\/v2\/posts"}],"about":[{"href":"https:\/\/nvnoticias.mx\/index.php\/wp-json\/wp\/v2\/types\/post"}],"author":[{"embeddable":true,"href":"https:\/\/nvnoticias.mx\/index.php\/wp-json\/wp\/v2\/users\/35"}],"replies":[{"embeddable":true,"href":"https:\/\/nvnoticias.mx\/index.php\/wp-json\/wp\/v2\/comments?post=199806"}],"version-history":[{"count":2,"href":"https:\/\/nvnoticias.mx\/index.php\/wp-json\/wp\/v2\/posts\/199806\/revisions"}],"predecessor-version":[{"id":199809,"href":"https:\/\/nvnoticias.mx\/index.php\/wp-json\/wp\/v2\/posts\/199806\/revisions\/199809"}],"wp:featuredmedia":[{"embeddable":true,"href":"https:\/\/nvnoticias.mx\/index.php\/wp-json\/wp\/v2\/media\/199808"}],"wp:attachment":[{"href":"https:\/\/nvnoticias.mx\/index.php\/wp-json\/wp\/v2\/media?parent=199806"}],"wp:term":[{"taxonomy":"category","embeddable":true,"href":"https:\/\/nvnoticias.mx\/index.php\/wp-json\/wp\/v2\/categories?post=199806"},{"taxonomy":"post_tag","embeddable":true,"href":"https:\/\/nvnoticias.mx\/index.php\/wp-json\/wp\/v2\/tags?post=199806"}],"curies":[{"name":"wp","href":"https:\/\/api.w.org\/{rel}","templated":true}]}}