{"id":199764,"date":"2025-11-06T11:09:28","date_gmt":"2025-11-06T17:09:28","guid":{"rendered":"https:\/\/nvnoticias.mx\/?p=199764"},"modified":"2025-11-06T11:09:32","modified_gmt":"2025-11-06T17:09:32","slug":"nunca-es-buena-la-perpetuidad-dice-sheinbaum-sobre-ampliar-periodo-del-rector-de-la-uagro","status":"publish","type":"post","link":"https:\/\/nvnoticias.mx\/index.php\/2025\/11\/06\/nunca-es-buena-la-perpetuidad-dice-sheinbaum-sobre-ampliar-periodo-del-rector-de-la-uagro\/","title":{"rendered":"Nunca es buena la perpetuidad, dice Sheinbaum sobre ampliar periodo del rector de la UAGro"},"content":{"rendered":"\n<p>\u201cHay autonom\u00eda en las universidades estatales, sin embargo nunca es buena la perpetuidad en ning\u00fan cargo, tiene que haber renovaci\u00f3n\u201d, asegur\u00f3 la presidenta Claudia Sheinbaum Pardo, tras ser cuestionada sobre la reforma a la Ley Org\u00e1nica de la Universidad Aut\u00f3noma de Guerrero para, entre otros, ampliar el periodo del rector Javier Salda\u00f1a, quien ya lleva tres periodos en el cargo.<\/p>\n\n\n\n<p>\u201cSiempre es buena\u201d la renovaci\u00f3n, \u201cpero ya le toca\u2026 en algunos (casos) eligen directamente estudiantes, profesores; en otros son juntas de gobierno; en otros elecciones indirectas, consejos universitarios, que a su vez son elegidos por estudiantes y profesores, pero siempre es importante la renovaci\u00f3n\u201d.<\/p>\n\n\n\n<p>Reiter\u00f3 su llamado a los rectores de universidades p\u00fablicas en la austeridad republicana.<\/p>\n\n\n\n<p>\u201cSi bien hay autonom\u00eda, es muy importante que no se destinen los recursos a m\u00e1s burocracia, a parafernalias del poder que hab\u00eda antes, a gastos suntuarios, a tener oficinas de representaci\u00f3n en el mundo entero.<\/p>\n\n\n\n<p>\u201cPuede ser que tenga su objetivo, pero las actividades sustantivas de una instituci\u00f3n de educaci\u00f3n superior son la ense\u00f1anza, la docencia, la investigaci\u00f3n y la difusi\u00f3n. Ah\u00ed tienen que estar principalmente los recursos y tambi\u00e9n acercarse a los j\u00f3venes, porque ha habido un divorcio entre autoridades y estudiantes. Es muy importante que se recupere, que escuchemos a los j\u00f3venes\u201d.<\/p>\n\n\n\n<p>En este marco, anunci\u00f3 que el pr\u00f3ximo martes presentar\u00e1 en su conferencia de prensa la plataforma SaberesMx, cuyo objetivo es que \u201ctodas las instituciones de educaci\u00f3n superior p\u00fablicas puedan incorporar cursos gratuitos de diferentes \u00e1reas; desde una clase de matem\u00e1ticas, de \u00e1lgebra, de c\u00e1lculo; aprender una lengua ind\u00edgena, c\u00f3mo cambiar bater\u00edas de un veh\u00edculo hasta aprender c\u00f3mo se usa la inteligencia artificial\u201d.<\/p>\n\n\n\n<p>Adelant\u00f3 que hoy en el Tecnol\u00f3gico de Tl\u00e1huac se presentar\u00e1 un curso de inteligencia artificial y manejo o administraci\u00f3n de datos para j\u00f3venes, totalmente gratuito. De manera presencial, para 10 mil j\u00f3venes y a distancia \u201cpara el que se quiera inscribir\u201d.<\/p>\n\n\n\n<p>Indic\u00f3 que las universidades p\u00fablicas -y no solo empresas- puedan certificar esos cursos.<\/p>\n\n\n\n<p>La presidenta se\u00f1al\u00f3 que los cursos presenciales \u201cson parte de lo que tambi\u00e9n vamos a presentar antes de que acabe noviembre, este gran proyecto que llamamos M\u00e9xico pa\u00eds innovador que tiene que ver con nuestra historia, nuestra grandeza cultural, pero tambi\u00e9n que emprendamos un rumbo hacia la incorporaci\u00f3n de cient\u00edficos acad\u00e9micos, estudiantes, j\u00f3venes en todo este proceso tecnol\u00f3gico y de informaci\u00f3n que se est\u00e1 dando en el mundo entero\u201d.<\/p>\n\n\n\n<p>Fuente: La <a href=\"https:\/\/www.jornada.com.mx\/noticia\/2025\/11\/06\/politica\/nunca-es-buena-la-perpetuidad-dice-sheinbaum-sobre-ampliar-periodo-del-rector-de-la-uagro\">Jornada<\/a><\/p>\n","protected":false},"excerpt":{"rendered":"<p>\u201cHay autonom\u00eda en las universidades estatales, sin embargo nunca es buena la perpetuidad en ning\u00fan cargo, tiene que haber renovaci\u00f3n\u201d, asegur\u00f3 la presidenta Claudia Sheinbaum Pardo, tras ser cuestionada sobre la reforma a la Ley Org\u00e1nica de la Universidad Aut\u00f3noma de Guerrero para, entre otros, ampliar el periodo del rector Javier Salda\u00f1a, quien ya lleva [&hellip;]<\/p>\n","protected":false},"author":35,"featured_media":199767,"comment_status":"open","ping_status":"open","sticky":false,"template":"","format":"standard","meta":{"_monsterinsights_skip_tracking":false,"_monsterinsights_sitenote_active":false,"_monsterinsights_sitenote_note":"","_monsterinsights_sitenote_category":0,"footnotes":""},"categories":[158],"tags":[2801],"class_list":["post-199764","post","type-post","status-publish","format-standard","has-post-thumbnail","hentry","category-politica","tag-claudia-sheinbaum","wp-image-borders"],"amp_enabled":true,"_links":{"self":[{"href":"https:\/\/nvnoticias.mx\/index.php\/wp-json\/wp\/v2\/posts\/199764","targetHints":{"allow":["GET"]}}],"collection":[{"href":"https:\/\/nvnoticias.mx\/index.php\/wp-json\/wp\/v2\/posts"}],"about":[{"href":"https:\/\/nvnoticias.mx\/index.php\/wp-json\/wp\/v2\/types\/post"}],"author":[{"embeddable":true,"href":"https:\/\/nvnoticias.mx\/index.php\/wp-json\/wp\/v2\/users\/35"}],"replies":[{"embeddable":true,"href":"https:\/\/nvnoticias.mx\/index.php\/wp-json\/wp\/v2\/comments?post=199764"}],"version-history":[{"count":4,"href":"https:\/\/nvnoticias.mx\/index.php\/wp-json\/wp\/v2\/posts\/199764\/revisions"}],"predecessor-version":[{"id":199769,"href":"https:\/\/nvnoticias.mx\/index.php\/wp-json\/wp\/v2\/posts\/199764\/revisions\/199769"}],"wp:featuredmedia":[{"embeddable":true,"href":"https:\/\/nvnoticias.mx\/index.php\/wp-json\/wp\/v2\/media\/199767"}],"wp:attachment":[{"href":"https:\/\/nvnoticias.mx\/index.php\/wp-json\/wp\/v2\/media?parent=199764"}],"wp:term":[{"taxonomy":"category","embeddable":true,"href":"https:\/\/nvnoticias.mx\/index.php\/wp-json\/wp\/v2\/categories?post=199764"},{"taxonomy":"post_tag","embeddable":true,"href":"https:\/\/nvnoticias.mx\/index.php\/wp-json\/wp\/v2\/tags?post=199764"}],"curies":[{"name":"wp","href":"https:\/\/api.w.org\/{rel}","templated":true}]}}