{"id":199653,"date":"2025-11-05T10:45:56","date_gmt":"2025-11-05T16:45:56","guid":{"rendered":"https:\/\/nvnoticias.mx\/?p=199653"},"modified":"2025-11-05T10:46:01","modified_gmt":"2025-11-05T16:46:01","slug":"el-viernes-habra-un-borrador-del-plan-michoacan-por-la-paz-sheinbaum","status":"publish","type":"post","link":"https:\/\/nvnoticias.mx\/index.php\/2025\/11\/05\/el-viernes-habra-un-borrador-del-plan-michoacan-por-la-paz-sheinbaum\/","title":{"rendered":"El viernes habr\u00e1 \u201cun borrador\u201d del Plan Michoac\u00e1n por la Paz: Sheinbaum"},"content":{"rendered":"\n<p>Durante la reuni\u00f3n que tuvo ayer con la presidenta Claudia Sheinbaum Pardo, la viuda del alcalde de Uruapan, Michoac\u00e1n, Carlos Manzo, Grecia Quiroz, exigi\u00f3 justicia por el asesinato del funcionario, suscitado el s\u00e1bado pasado.<\/p>\n\n\n\n<p>As\u00ed lo dio a conocer la propia mandataria federal durante la ma\u00f1anera de este mi\u00e9rcoles en Palacio Nacional, donde adelant\u00f3 que se tendr\u00e1 \u201cun borrador\u201d del Plan Michoac\u00e1n por la Paz y la Justicia el viernes de esta semana.<\/p>\n\n\n\n<p>\u201cAyer recib\u00ed a la esposa de Carlos Manzo, a su hermano y un equipo cercano, estuvieron presentes el secretario de Seguridad (Omar Garc\u00eda Harfuch) y L\u00e1zaro C\u00e1rdenas. Ellos, con toda raz\u00f3n, exigen justicia y que se llegue al final de esta investigaci\u00f3n y se haga justicia del asesinato, del homicidio del presidente municipal\u201d.<\/p>\n\n\n\n<p>La jefa del Ejecutivo se\u00f1al\u00f3 que hoy, Quiroz asumir\u00e1 como alcaldesa de Uruapan ante el Congreso del estado.<\/p>\n\n\n\n<p>\u201cAcordamos seguir la comunicaci\u00f3n para apoyar al municipio en este marco general del Plan Michoac\u00e1n por la Paz y la Justicia\u201d, expuso.<\/p>\n\n\n\n<p>Indic\u00f3 que esta ma\u00f1ana, durante la reuni\u00f3n del gabinete de seguridad, estuvo el gobernador de Michoac\u00e1n, Alfredo Ram\u00edrez Bedolla.<\/p>\n\n\n\n<p>En la reuni\u00f3n, dijo, se trataron temas espec\u00edficos relacionados con informaci\u00f3n en particular de Michoac\u00e1n y estrategias para la seguridad en el estado, as\u00ed como del plan para la paz, lanzado ayer tras el asesinato de marzo, el cual ha causado conmoci\u00f3n en el pa\u00eds y el exterior.<\/p>\n\n\n\n<p>Se\u00f1al\u00f3 que el mandatario local tendr\u00e1 hoy mismo una reuni\u00f3n con la titular de la Secretaria de Gobernaci\u00f3n, Rosa Icela Rodr\u00edguez.<\/p>\n\n\n\n<p>\u201cAyer tuve una reuni\u00f3n con todo el gabinete para poder distribuir tareas para este plan y los distintos secretarios, subsecretarios o directores generales van a hacer distintas consultas con los sectores de Michoac\u00e1n, para tener un primer borrador el viernes por la tarde y poderlo presentar a m\u00e1s tardar la siguiente semana\u201d, apunt\u00f3.<\/p>\n\n\n\n<p>La presidenta subray\u00f3 que no se trata de un plan para la militarizaci\u00f3n, sino de un proyecto integral.<\/p>\n\n\n\n<p>\u201cEs un plan integral para poder atender desde las causas (de la violencia) hasta la seguridad. No tiene que ver con la militarizaci\u00f3n, ni con armar a nadie, sino con un plan integral que es parte de lo que llame el reforzamiento de la estrategia de seguridad en Michoac\u00e1n. No se trata de una lista de cientos y cientos de acciones, sino de acciones muy concretas. S\u00ed hay recurso, es cuesti\u00f3n de reorientar recursos a Michoac\u00e1n\u201d, refiri\u00f3.<\/p>\n\n\n\n<p>Fuente: La <a href=\"https:\/\/www.jornada.com.mx\/noticia\/2025\/11\/05\/politica\/el-viernes-se-tendra-un-borrador-del-plan-michoacan-por-la-paz-sheinbaum\">Jornada<\/a> <\/p>\n","protected":false},"excerpt":{"rendered":"<p>Durante la reuni\u00f3n que tuvo ayer con la presidenta Claudia Sheinbaum Pardo, la viuda del alcalde de Uruapan, Michoac\u00e1n, Carlos Manzo, Grecia Quiroz, exigi\u00f3 justicia por el asesinato del funcionario, suscitado el s\u00e1bado pasado. As\u00ed lo dio a conocer la propia mandataria federal durante la ma\u00f1anera de este mi\u00e9rcoles en Palacio Nacional, donde adelant\u00f3 que [&hellip;]<\/p>\n","protected":false},"author":35,"featured_media":199655,"comment_status":"open","ping_status":"open","sticky":false,"template":"","format":"standard","meta":{"_monsterinsights_skip_tracking":false,"_monsterinsights_sitenote_active":false,"_monsterinsights_sitenote_note":"","_monsterinsights_sitenote_category":0,"footnotes":""},"categories":[158],"tags":[2801,3066,162],"class_list":["post-199653","post","type-post","status-publish","format-standard","has-post-thumbnail","hentry","category-politica","tag-claudia-sheinbaum","tag-michoacan","tag-portada","wp-image-borders"],"amp_enabled":true,"_links":{"self":[{"href":"https:\/\/nvnoticias.mx\/index.php\/wp-json\/wp\/v2\/posts\/199653","targetHints":{"allow":["GET"]}}],"collection":[{"href":"https:\/\/nvnoticias.mx\/index.php\/wp-json\/wp\/v2\/posts"}],"about":[{"href":"https:\/\/nvnoticias.mx\/index.php\/wp-json\/wp\/v2\/types\/post"}],"author":[{"embeddable":true,"href":"https:\/\/nvnoticias.mx\/index.php\/wp-json\/wp\/v2\/users\/35"}],"replies":[{"embeddable":true,"href":"https:\/\/nvnoticias.mx\/index.php\/wp-json\/wp\/v2\/comments?post=199653"}],"version-history":[{"count":3,"href":"https:\/\/nvnoticias.mx\/index.php\/wp-json\/wp\/v2\/posts\/199653\/revisions"}],"predecessor-version":[{"id":199657,"href":"https:\/\/nvnoticias.mx\/index.php\/wp-json\/wp\/v2\/posts\/199653\/revisions\/199657"}],"wp:featuredmedia":[{"embeddable":true,"href":"https:\/\/nvnoticias.mx\/index.php\/wp-json\/wp\/v2\/media\/199655"}],"wp:attachment":[{"href":"https:\/\/nvnoticias.mx\/index.php\/wp-json\/wp\/v2\/media?parent=199653"}],"wp:term":[{"taxonomy":"category","embeddable":true,"href":"https:\/\/nvnoticias.mx\/index.php\/wp-json\/wp\/v2\/categories?post=199653"},{"taxonomy":"post_tag","embeddable":true,"href":"https:\/\/nvnoticias.mx\/index.php\/wp-json\/wp\/v2\/tags?post=199653"}],"curies":[{"name":"wp","href":"https:\/\/api.w.org\/{rel}","templated":true}]}}