{"id":199393,"date":"2025-11-03T08:37:29","date_gmt":"2025-11-03T14:37:29","guid":{"rendered":"https:\/\/nvnoticias.mx\/?p=199393"},"modified":"2025-11-03T08:37:32","modified_gmt":"2025-11-03T14:37:32","slug":"la-urgente-necesidad-de-recuperar-los-rios-urbanos","status":"publish","type":"post","link":"https:\/\/nvnoticias.mx\/index.php\/2025\/11\/03\/la-urgente-necesidad-de-recuperar-los-rios-urbanos\/","title":{"rendered":"La urgente necesidad de recuperar los r\u00edos urbanos: Patrimonio ambiental, urbano y social en M\u00e9xico"},"content":{"rendered":"<div class=\"wp-block-image\">\n<figure class=\"alignleft size-large is-resized\"><img loading=\"lazy\" decoding=\"async\" width=\"1024\" height=\"1024\" src=\"https:\/\/nvnoticias.mx\/wp-content\/uploads\/2025\/11\/image-1024x1024.png\" alt=\"\" class=\"wp-image-199394\" style=\"width:250px;height:auto\" srcset=\"https:\/\/nvnoticias.mx\/wp-content\/uploads\/2025\/11\/image-1024x1024.png 1024w, https:\/\/nvnoticias.mx\/wp-content\/uploads\/2025\/11\/image-300x300.png 300w, https:\/\/nvnoticias.mx\/wp-content\/uploads\/2025\/11\/image-150x150.png 150w, https:\/\/nvnoticias.mx\/wp-content\/uploads\/2025\/11\/image-768x768.png 768w, https:\/\/nvnoticias.mx\/wp-content\/uploads\/2025\/11\/image-600x600.png 600w, https:\/\/nvnoticias.mx\/wp-content\/uploads\/2025\/11\/image-100x100.png 100w, https:\/\/nvnoticias.mx\/wp-content\/uploads\/2025\/11\/image.png 1066w\" sizes=\"auto, (max-width: 1024px) 100vw, 1024px\" \/><figcaption class=\"wp-element-caption\"><strong>Eduardo Germ\u00e1n Gonz\u00e1lez Aguirre<\/strong>, maestrante en gobierno y pol\u00edticas p\u00fablicas<\/figcaption><\/figure>\n<\/div>\n\n\n<p><\/p>\n\n\n\n<p>Los r\u00edos urbanos representan ecosistemas esenciales a la vez que son de los m\u00e1s vulnerables en las ciudades contempor\u00e1neas. Su diferencia fundamental con los r\u00edos en estado natural radica en su v\u00ednculo directo con el h\u00e1bitat humano: son v\u00edas de acceso a agua limpia y ofrecen beneficios ecol\u00f3gicos vitales que se traducen en bienestar social y desarrollo cultural. M\u00e1s all\u00e1 de su funci\u00f3n ambiental, estos r\u00edos forman parte integral de la identidad y la cultura comunitaria. Constituyen el primer v\u00ednculo \u2014hist\u00f3ricamente y hasta hoy\u2014 entre los ecosistemas naturales, la biodiversidad y los habitantes de zonas urbanas, ya que es gracias a ellos es que se han desarrollado algunas civilizaciones m\u00e1s importantes para la humanidad y fungiendo tambi\u00e9n como espacios de recreaci\u00f3n y cohesi\u00f3n social. Tal es el caso del R\u00edo Tecate, origen ancestral de asentamientos humanos en la regi\u00f3n, que por la calidad del acu\u00edfero se desarroll\u00f3 la industria cervecera que tom\u00f3 su nombre y hoy se vende en diferentes partes del mundo.<\/p>\n\n\n\n<p>No obstante, la realidad en M\u00e9xico es preocupante, de acuerdo con los Resultados de la Red Nacional de Medici\u00f3n de Calidad del Agua (RENAMECA) de la Comisi\u00f3n Nacional del Agua (Conagua) en 2023, se monitorearon 450 sitios superficiales (r\u00edos, arroyos, corrientes, embalses, presas) para evaluar la calidad de las aguas superficiales en los que la clasificaci\u00f3n por sem\u00e1foro para esos 450 sitios fue: 27.3 % (\u2248 123 sitios) en verde (cumplen los 8 indicadores); 21.8 % (\u2248 98 sitios) en amarillo (incumplimientos moderado); y 50.9 % (\u2248 229 sitios) en rojo (incumplimientos significativos). Sin embargo hay que resaltar que de los m\u00e1s de 2000 sitios que se monitoreaban en 2018, se redujeron a 450 en 2023.<\/p>\n\n\n\n<p>Los contaminantes espec\u00edficos encontrados en 2023, 244 de los 450 sitios presentaron contaminaci\u00f3n por coliformes fecales; de ellos, 209 fueron categorizados como fuertemente contaminados por bacterias fecales; 213 puntos mostraron incumplimientos en Demanda Qu\u00edmica de Ox\u00edgeno (DQO); en 129 sitios se observaron incumplimientos en Demanda Bioqu\u00edmica de Ox\u00edgeno (DBO); y 7 de los sitios mostraron alta toxicidad (4 en Puebla, 3 en el Estado de M\u00e9xico).<\/p>\n\n\n\n<p>En cuanto al monitoreo hist\u00f3rico, la Red Nacional de Medici\u00f3n de la Calidad del Agua operaba con m\u00e1s sitios (4,202 sitios) y los resultados del sem\u00e1foro fueron aproximadamente: 41.1 % de los sitios en verde (cumplen con todos los indicadores),<\/p>\n\n\n\n<p>29.7 % en rojo (incumplen DBO, DQO, toxicidad o enterococos), y 29.2 % en naranja (incumplen otros par\u00e1metros como coliformes, E. coli, SST u ox\u00edgeno).<\/p>\n\n\n\n<p>De donde se desprende que la acci\u00f3n de monitoreo y la capacidad de vigilancia institucional est\u00e1n disminuyendo, lo que puede ocultar deterioros mayores afectando ecosistemas y convirti\u00e9ndolos en focos de riesgo sanitario y ambiental, degradando la calidad de vida y la salud p\u00fablica; lo que constituye violaciones de Derechos Fundamentales, lo que se ha identificado dentro de los principales problemas de<\/p>\n\n\n\n<p>M\u00e9xico como son, la escases de agua, inseguridad y delincuencia o la desigualdad social entre muchos otros<\/p>\n\n\n\n<p>La reforma constitucional de 2011, que incorpor\u00f3 los Derechos Humanos a la Carta Magna, represent\u00f3 un parteaguas en la protecci\u00f3n ambiental, equiparable por su trascendencia a la Constituci\u00f3n Pol\u00edtica de 1917, que estableci\u00f3 garant\u00edas sociales e individuales fundamentales. Sin embargo, en la pr\u00e1ctica, estas reformas presentaron limitaciones evidentes. El cumplimiento de las Normas Oficiales Mexicanas (NOM) que regulan las descargas de aguas residuales tratadas en r\u00edos urbanos es cada vez m\u00e1s opaco y d\u00e9bil. A ello se suma que no todas las ciudades cuentan con sistemas adecuados de drenaje y tratamiento de aguas residuales, por lo que muchas industrias y comunidades ribere\u00f1as descargan sus aguas sin tratamiento alguno, contaminando directamente estos cuerpos de agua.<\/p>\n\n\n\n<p>Peor a\u00fan, es com\u00fan que vecinos depositen residuos s\u00f3lidos, muebles y escombros en las zonas federales que bordean r\u00edos y arroyos entre la vegetaci\u00f3n riparia, deteriorando a\u00fan m\u00e1s estos ecosistemas. Estos espacios son adem\u00e1s habitados por personas en situaci\u00f3n de calle, lo que a\u00f1ade una dimensi\u00f3n social compleja que requiere sensibilidad y pol\u00edticas integrales. La interacci\u00f3n entre contaminaci\u00f3n ambiental y problemas sociales pone en evidencia la necesidad de elaborar pol\u00edticas p\u00fablicas transversales que trasciendan la mera restauraci\u00f3n ecol\u00f3gica y el ordenamiento territorial y planeaci\u00f3n urbana de nuestras ciudades.<\/p>\n\n\n\n<p>El R\u00edo Tecate en Baja California, que forma parte de la Cuenca del R\u00edo Tijuana, presenta riesgos ambientales para los habitantes de los Centros de Poblaci\u00f3n de Tecate y Tijuana, con implicaciones internacionales ya que \u00e9ste descarga sus aguas formando el Estero del R\u00edo Tijuana, en el Oc\u00e9ano Pac\u00edfico, ubicado en el Condado de San Diego, California en los Estados Unidos de Am\u00e9rica. Esta es una Cuenca Bi- nacional, lo que hace m\u00e1s complejo el problema pero brinda oportunidades que los r\u00edos al interior del pa\u00eds no tienen como la Comisi\u00f3n de Cooperaci\u00f3n Ecol\u00f3gica Fronteriza y el Banco de Desarrollo de Am\u00e9rica del Norte (COCEF\/BDAN) que son instituciones binacionales que atienden esta zona fronteriza.<\/p>\n\n\n\n<p>En el an\u00e1lisis de esta problem\u00e1tica, una hip\u00f3tesis relevante se\u00f1ala que el marco jur\u00eddico y normativo ambiental, incluso con la incorporaci\u00f3n de los Derechos Humanos, no ha logrado prevenir, controlar ni remediar eficazmente la contaminaci\u00f3n de los r\u00edos urbanos. Este fracaso puede atribuirse a una combinaci\u00f3n de factores: la falta de aplicaci\u00f3n efectiva por parte de las autoridades emanadas del PRI y el PAN, la ausencia de sanciones claras y contundentes, la lentitud en los procesos administrativos y judiciales y la insuficiente cooperaci\u00f3n entre los tres niveles de gobierno (federal, estatal y municipal), muchas veces por diferencias en su origen partidista. De igual manera, la opacidad en la gesti\u00f3n y la ausencia de participaci\u00f3n activa de la sociedad civil organizada debilitan la rendici\u00f3n de cuentas y la transparencia necesarias para superar este desaf\u00edo.<\/p>\n\n\n\n<p>Sin embargo, con la llegada del grupo denominado MORENA al poder, enfrentamos un retroceso preocupante. Desde el desprecio por el conocimiento cient\u00edfico en la formulaci\u00f3n de \u201cpol\u00edticas p\u00fablicas\u201d en M\u00e9xico. En los \u00faltimos a\u00f1os, estos gobiernos han adoptado posturas que desestiman la ciencia, guiadas por prejuicios ideol\u00f3gicos propios del siglo pasado que rechazan la escucha plural y el di\u00e1logo consensuado. Esta descalificaci\u00f3n del conocimiento t\u00e9cnico ha coincidido con la destrucci\u00f3n de instituciones esenciales para la democracia participativa, la eliminaci\u00f3n de \u00f3rganos de control y rendici\u00f3n de cuentas, y culminando con la cooptaci\u00f3n de los tres poderes. Estas din\u00e1micas est\u00e1n devolviendo al pa\u00eds a un pasado autoritario caracterizado por el menosprecio a la ley y la reducci\u00f3n del incipiente Estado de Derecho construido en los \u00faltimos 30 a\u00f1os. Paralelamente, cada a\u00f1o se asignan menos recursos para la protecci\u00f3n del medio ambiente, profundizando la crisis ambiental y social.<\/p>\n\n\n\n<p>Este entorno adverso hace que el reto de recuperar los r\u00edos urbanos no pueda depender exclusivamente de la voluntad pol\u00edtica oficial. Los ciudadanos, la iniciativa privada, las instituciones acad\u00e9micas, organizaciones civiles y fundaciones comprometidas deben asumir un papel protag\u00f3nico. Solo mediante la colaboraci\u00f3n multisectorial ser\u00e1 posible impulsar pol\u00edticas p\u00fablicas transparentes, eficaces y basadas en evidencia cient\u00edfica, as\u00ed como fomentar la educaci\u00f3n ambiental y la conciencia ciudadana en torno a la importancia de estos ecosistemas para la calidad de vida urbana.<\/p>\n\n\n\n<p>Recuperar los r\u00edos urbanos implica restaurar los servicios ecosist\u00e9micos que estos cuerpos de agua brindan como son la regulaci\u00f3n del clima local, el mantenimiento de la biodiversidad, la provisi\u00f3n de espacios recreativos y la mejora del entorno urbano en general. Son espacios que pueden fomentar la cohesi\u00f3n social, contribuir a la salud p\u00fablica y fortalecer la identidad cultural de las ciudades. Es decir, son fundamentales para la reconstrucci\u00f3n del tejido social que tanta falta hace.<\/p>\n\n\n\n<p>As\u00ed, la defensa y recuperaci\u00f3n de los r\u00edos urbanos es la defensa de una visi\u00f3n de ciudad sustentable, democr\u00e1tica y humana. La oportunidad y el desaf\u00edo est\u00e1n sobre la mesa: construir un futuro donde estos ecosistemas de agua dulce sean respetados, protegidos y disfrutados como patrimonio colectivo, garantizando un desarrollo sostenible y un bienestar genuino para las generaciones presentes y futuras. Ignorar esta realidad ser\u00eda hipotecar la calidad de vida urbana y el derecho al disfrute del entorno natural con dignidad.<\/p>\n\n\n\n<p>Es momento de suplir la falta visi\u00f3n pol\u00edtica-hist\u00f3rica del grupo en el poder, de fortalecer la gobernanza ambiental, y de poner al centro de la discusi\u00f3n la ciencia y la \u00e9tica y que la participaci\u00f3n ciudadana se transforme en un movimiento social como pilares para dise\u00f1ar y aplicar pol\u00edticas p\u00fablicas que aseguren la sobrevivencia y restauraci\u00f3n de los r\u00edos urbanos en M\u00e9xico. La responsabilidad es compartida y la urgencia ineludible.<\/p>\n\n\n\n<p>Fuentes<\/p>\n\n\n\n<p><a href=\"https:\/\/www.gob.mx\/conagua\/articulos\/resultados-de-la-red-nacional-de-medicion-de-calidad-del-agua-renameca?idiom=es\">https:\/\/www.gob.mx\/conagua\/articulos\/resultados-de-la-red-nacional-de-medicion-de-calidad-<\/a> <a href=\"https:\/\/www.gob.mx\/conagua\/articulos\/resultados-de-la-red-nacional-de-medicion-de-calidad-del-agua-renameca?idiom=es\">del-agua-renameca?idiom=es<\/a><\/p>\n\n\n\n<p><a href=\"https:\/\/www.miteco.gob.es\/es\/agua\/temas\/delimitacion-y-restauracion-del-dominio-publico-hidraulico\/estrategia-nacional-restauracion-rios\/antecedentes-restauracion-fluvial-ambito-internacional.html\">https:\/\/www.miteco.gob.es\/es\/agua\/temas\/delimitacion-y-restauracion-del-dominio-publico-<\/a> <a href=\"https:\/\/www.miteco.gob.es\/es\/agua\/temas\/delimitacion-y-restauracion-del-dominio-publico-hidraulico\/estrategia-nacional-restauracion-rios\/antecedentes-restauracion-fluvial-ambito-internacional.html\">hidraulico\/estrategia-nacional-restauracion-rios\/antecedentes-restauracion-fluvial-ambito-<\/a> <a href=\"https:\/\/www.miteco.gob.es\/es\/agua\/temas\/delimitacion-y-restauracion-del-dominio-publico-hidraulico\/estrategia-nacional-restauracion-rios\/antecedentes-restauracion-fluvial-ambito-internacional.html\">internacional.html<\/a><\/p>\n\n\n\n<p><a href=\"https:\/\/www.unep.org\/es\/noticias-y-reportajes\/comunicado-de-prensa\/la-mayor-iniciativa-de-restauracion-de-rios-y-humedales\">https:\/\/www.unep.org\/es\/noticias-y-reportajes\/comunicado-de-prensa\/la-mayor-iniciativa-de-<\/a> <a href=\"https:\/\/www.unep.org\/es\/noticias-y-reportajes\/comunicado-de-prensa\/la-mayor-iniciativa-de-restauracion-de-rios-y-humedales\">restauracion-de-rios-y-humedales<\/a><\/p>\n\n\n\n<p>Aguilar Gonz\u00e1lez, P. (2013). SUMMAE Derecho Urban\u00edstico Mexicano. Colegio Nacional de Jurisprudencia Urbanistica, CNJUR Ediciones, M\u00e9xico.<\/p>\n\n\n\n<p>Baja Environmental de M\u00e9xico, S.C. Comisi\u00f3n Estatal de Servicios P\u00fablicos de Tecate (2004). Estudio de Impacto Ambiental para la rehabilitaci\u00f3n de la Planta de Tratamiento de Aguas Residuales de la ciudad de Tecate, Baja California. Recuperado el 6 de diciembre de 2022 de:<\/p>\n\n\n\n<p><a href=\"http:\/\/sinat.semarnat.gob.mx\/dgiraDocs\/documentos\/bc\/estudios\/2004\/02BC2004H0002.pdf\">http:\/\/sinat.semarnat.gob.mx\/dgiraDocs\/documentos\/bc\/estudios\/2004\/02BC2004H0002.pdf<\/a><\/p>\n\n\n\n<p>Burgoa Ignacio. Derecho Constitucional Mexicano. 1972. Quinta Edici\u00f3n. Editorial Porr\u00faa, S.A. Ciudad de M\u00e9xico 1984.<\/p>\n\n\n\n<p>Dandekar H.; Giattonini P.; Mu\u00f1oz Whitining, C.; Frausto, A. (2005). Urban Eco-Parks: Tecate, Baja California, M\u00e9xico. Arizona State University. School of Planning and Lanscape Architecture. Tempe, AZ 85287, USA.<\/p>\n\n\n\n<p>Michel, S. M.; Greizbord, C. (2002). Los R\u00edos Urbanos de Tecate y Tijuana: Estrategias para ciudades sustentables. San Diego CA. San Diego State University; Institute for Regional Studies of the Californias; Fundaci\u00f3n La Puerta, A.C.; Wiliam and Flora Hewlett Foundation. San Diego, California, 2002. ISBN 0-925613-36-3<\/p>\n\n\n\n<p>Rabasa Salina, Alejandra; Cama\u00f1o Galv\u00e1n, David; Carrillo Bu\u00f1uelos, Jorge Alejandro y Medina Amaya Ra\u00fal Gustavo. Contenido y alcance del Derecho Humano a un Medio Ambiente Sano. Cuadernos de Jurisprudencia No.3. Suprema Corte de Justicia de la Naci\u00f3n. Centro de Estudios Constitucionales de la Suprema Corte. Ciudad de M\u00e9xico. 2021. Recuperado el 1\u00ba de marzo de 2022 de: <a href=\"https:\/\/sistemabibliotecario.scjn.gob.mx\/exlibris\/aleph\/a23_1\/apache_media\/N465IFV34XNRKS47YR8U2E5KI3A44R.pdf\">https:\/\/sistemabibliotecario.scjn.gob.mx\/exlibris\/aleph\/a23_1\/apache_media\/N465IFV34XNRKS47YR8U2E5KI3A44R<\/a><\/p>\n\n\n\n<p><a href=\"https:\/\/sistemabibliotecario.scjn.gob.mx\/exlibris\/aleph\/a23_1\/apache_media\/N465IFV34XNRKS47YR8U2E5KI3A44R.pdf\">.pdf<\/a><\/p>\n\n\n\n<p><a href=\"https:\/\/www.gob.mx\/conagua\/articulos\/resultados-de-la-red-nacional-de-medicion-de-calidad-del-agua-renameca?idiom=es\">https:\/\/www.gob.mx\/conagua\/articulos\/resultados-de-la-red-nacional-de-medicion-de-calidad-<\/a> <a href=\"https:\/\/www.gob.mx\/conagua\/articulos\/resultados-de-la-red-nacional-de-medicion-de-calidad-del-agua-renameca?idiom=es\">del-agua-renameca?idiom=es<\/a><\/p>\n\n\n\n<p><a href=\"https:\/\/www.miteco.gob.es\/es\/agua\/temas\/delimitacion-y-restauracion-del-dominio-publico-hidraulico\/estrategia-nacional-restauracion-rios\/antecedentes-restauracion-fluvial-ambito-internacional.html\">https:\/\/www.miteco.gob.es\/es\/agua\/temas\/delimitacion-y-restauracion-del-dominio-publico-<\/a> <a href=\"https:\/\/www.miteco.gob.es\/es\/agua\/temas\/delimitacion-y-restauracion-del-dominio-publico-hidraulico\/estrategia-nacional-restauracion-rios\/antecedentes-restauracion-fluvial-ambito-internacional.html\">hidraulico\/estrategia-nacional-restauracion-rios\/antecedentes-restauracion-fluvial-ambito-<\/a> <a href=\"https:\/\/www.miteco.gob.es\/es\/agua\/temas\/delimitacion-y-restauracion-del-dominio-publico-hidraulico\/estrategia-nacional-restauracion-rios\/antecedentes-restauracion-fluvial-ambito-internacional.html\">internacional.html<\/a><\/p>\n\n\n\n<p><a href=\"https:\/\/www.unep.org\/es\/noticias-y-reportajes\/comunicado-de-prensa\/la-mayor-iniciativa-de-restauracion-de-rios-y-humedales\">https:\/\/www.unep.org\/es\/noticias-y-reportajes\/comunicado-de-prensa\/la-mayor-iniciativa-de-<\/a> <a href=\"https:\/\/www.unep.org\/es\/noticias-y-reportajes\/comunicado-de-prensa\/la-mayor-iniciativa-de-restauracion-de-rios-y-humedales\">restauracion-de-rios-y-humedales<\/a><\/p>\n","protected":false},"excerpt":{"rendered":"<p>Los r\u00edos urbanos representan ecosistemas esenciales a la vez que son de los m\u00e1s vulnerables en las ciudades contempor\u00e1neas. Su diferencia fundamental con los r\u00edos en estado natural radica en su v\u00ednculo directo con el h\u00e1bitat humano: son v\u00edas de acceso a agua limpia y ofrecen beneficios ecol\u00f3gicos vitales que se traducen en bienestar social [&hellip;]<\/p>\n","protected":false},"author":47,"featured_media":199395,"comment_status":"open","ping_status":"open","sticky":false,"template":"","format":"standard","meta":{"_monsterinsights_skip_tracking":false,"_monsterinsights_sitenote_active":false,"_monsterinsights_sitenote_note":"","_monsterinsights_sitenote_category":0,"footnotes":""},"categories":[28827],"tags":[32561],"class_list":["post-199393","post","type-post","status-publish","format-standard","has-post-thumbnail","hentry","category-los-estudiantes-opinan","tag-eduardo-german-gonzalez-aguirre","wp-image-borders"],"amp_enabled":true,"_links":{"self":[{"href":"https:\/\/nvnoticias.mx\/index.php\/wp-json\/wp\/v2\/posts\/199393","targetHints":{"allow":["GET"]}}],"collection":[{"href":"https:\/\/nvnoticias.mx\/index.php\/wp-json\/wp\/v2\/posts"}],"about":[{"href":"https:\/\/nvnoticias.mx\/index.php\/wp-json\/wp\/v2\/types\/post"}],"author":[{"embeddable":true,"href":"https:\/\/nvnoticias.mx\/index.php\/wp-json\/wp\/v2\/users\/47"}],"replies":[{"embeddable":true,"href":"https:\/\/nvnoticias.mx\/index.php\/wp-json\/wp\/v2\/comments?post=199393"}],"version-history":[{"count":1,"href":"https:\/\/nvnoticias.mx\/index.php\/wp-json\/wp\/v2\/posts\/199393\/revisions"}],"predecessor-version":[{"id":199396,"href":"https:\/\/nvnoticias.mx\/index.php\/wp-json\/wp\/v2\/posts\/199393\/revisions\/199396"}],"wp:featuredmedia":[{"embeddable":true,"href":"https:\/\/nvnoticias.mx\/index.php\/wp-json\/wp\/v2\/media\/199395"}],"wp:attachment":[{"href":"https:\/\/nvnoticias.mx\/index.php\/wp-json\/wp\/v2\/media?parent=199393"}],"wp:term":[{"taxonomy":"category","embeddable":true,"href":"https:\/\/nvnoticias.mx\/index.php\/wp-json\/wp\/v2\/categories?post=199393"},{"taxonomy":"post_tag","embeddable":true,"href":"https:\/\/nvnoticias.mx\/index.php\/wp-json\/wp\/v2\/tags?post=199393"}],"curies":[{"name":"wp","href":"https:\/\/api.w.org\/{rel}","templated":true}]}}