{"id":199359,"date":"2025-11-02T13:37:47","date_gmt":"2025-11-02T19:37:47","guid":{"rendered":"https:\/\/nvnoticias.mx\/?p=199359"},"modified":"2025-11-02T13:37:51","modified_gmt":"2025-11-02T19:37:51","slug":"rosa-icela-rodriguez-lamenta-homicidio-del-presidente-municipal-de-uruapan","status":"publish","type":"post","link":"https:\/\/nvnoticias.mx\/index.php\/2025\/11\/02\/rosa-icela-rodriguez-lamenta-homicidio-del-presidente-municipal-de-uruapan\/","title":{"rendered":"Rosa Icela Rodr\u00edguez lamenta homicidio del presidente municipal de Uruapan"},"content":{"rendered":"\n<p>La Secretaria de Gobernaci\u00f3n, Rosa Icela Rodr\u00edguez, expres\u00f3 su condena tras el asesinato anoche de Carlos Manzo, presidente municipal de Uruapan, Michoac\u00e1n, y lament\u00f3 los hechos.<\/p>\n\n\n\n<p>\u201cCondenamos y lamentamos el asesinato del presidente municipal de Uruapan, Michoac\u00e1n, Carlos Alberto Manzo Rodr\u00edguez. Toda nuestra solidaridad con sus seres queridos. Confiamos en que las investigaciones del caso lleven a la justicia\u201d, se\u00f1al\u00f3 este domingo la funcionaria federal en redes sociales.<\/p>\n\n\n\n<p>Al igual que el resto de integrantes del Gabinete de Seguridad federal, Rodr\u00edguez acudi\u00f3 a una reuni\u00f3n convocada esta ma\u00f1ana por la presidenta Claudia Sheinbaum Pardo, luego de lo cual, el secretario de Seguridad y Protecci\u00f3n Ciudadana, Omar Garc\u00eda Harfuch, detall\u00f3 que el edil contaba con protecci\u00f3n desde diciembre de 2024, la cual fue reforzada en mayo pasado. Expuso que no se descarta ninguna l\u00ednea de investigaci\u00f3n al respecto.<\/p>\n\n\n\n<p>Fuente: La <a href=\"https:\/\/www.jornada.com.mx\/noticia\/2025\/11\/02\/politica\/rosa-icela-rodriguez-se-suma-a-condenas-por-homicidio-del-alcalde-de-uruapan\">Jornada<\/a><\/p>\n","protected":false},"excerpt":{"rendered":"<p>La Secretaria de Gobernaci\u00f3n, Rosa Icela Rodr\u00edguez, expres\u00f3 su condena tras el asesinato anoche de Carlos Manzo, presidente municipal de Uruapan, Michoac\u00e1n, y lament\u00f3 los hechos. \u201cCondenamos y lamentamos el asesinato del presidente municipal de Uruapan, Michoac\u00e1n, Carlos Alberto Manzo Rodr\u00edguez. Toda nuestra solidaridad con sus seres queridos. Confiamos en que las investigaciones del caso [&hellip;]<\/p>\n","protected":false},"author":35,"featured_media":199360,"comment_status":"open","ping_status":"open","sticky":false,"template":"","format":"standard","meta":{"_monsterinsights_skip_tracking":false,"_monsterinsights_sitenote_active":false,"_monsterinsights_sitenote_note":"","_monsterinsights_sitenote_category":0,"footnotes":""},"categories":[158],"tags":[162,12610],"class_list":["post-199359","post","type-post","status-publish","format-standard","has-post-thumbnail","hentry","category-politica","tag-portada","tag-rosa-icela-rodriguez","wp-image-borders"],"amp_enabled":true,"_links":{"self":[{"href":"https:\/\/nvnoticias.mx\/index.php\/wp-json\/wp\/v2\/posts\/199359","targetHints":{"allow":["GET"]}}],"collection":[{"href":"https:\/\/nvnoticias.mx\/index.php\/wp-json\/wp\/v2\/posts"}],"about":[{"href":"https:\/\/nvnoticias.mx\/index.php\/wp-json\/wp\/v2\/types\/post"}],"author":[{"embeddable":true,"href":"https:\/\/nvnoticias.mx\/index.php\/wp-json\/wp\/v2\/users\/35"}],"replies":[{"embeddable":true,"href":"https:\/\/nvnoticias.mx\/index.php\/wp-json\/wp\/v2\/comments?post=199359"}],"version-history":[{"count":3,"href":"https:\/\/nvnoticias.mx\/index.php\/wp-json\/wp\/v2\/posts\/199359\/revisions"}],"predecessor-version":[{"id":199363,"href":"https:\/\/nvnoticias.mx\/index.php\/wp-json\/wp\/v2\/posts\/199359\/revisions\/199363"}],"wp:featuredmedia":[{"embeddable":true,"href":"https:\/\/nvnoticias.mx\/index.php\/wp-json\/wp\/v2\/media\/199360"}],"wp:attachment":[{"href":"https:\/\/nvnoticias.mx\/index.php\/wp-json\/wp\/v2\/media?parent=199359"}],"wp:term":[{"taxonomy":"category","embeddable":true,"href":"https:\/\/nvnoticias.mx\/index.php\/wp-json\/wp\/v2\/categories?post=199359"},{"taxonomy":"post_tag","embeddable":true,"href":"https:\/\/nvnoticias.mx\/index.php\/wp-json\/wp\/v2\/tags?post=199359"}],"curies":[{"name":"wp","href":"https:\/\/api.w.org\/{rel}","templated":true}]}}