{"id":199248,"date":"2025-11-02T10:35:37","date_gmt":"2025-11-02T16:35:37","guid":{"rendered":"https:\/\/nvnoticias.mx\/?p=199248"},"modified":"2025-11-02T10:35:41","modified_gmt":"2025-11-02T16:35:41","slug":"el-asesinato-de-carlos-manzo-y-la-sombra-del-crimen-organizado","status":"publish","type":"post","link":"https:\/\/nvnoticias.mx\/index.php\/2025\/11\/02\/el-asesinato-de-carlos-manzo-y-la-sombra-del-crimen-organizado\/","title":{"rendered":"El asesinato de Carlos Manzo y la sombra del crimen organizado"},"content":{"rendered":"\n<p>Por <strong>Art1llero<\/strong>, en reflexi\u00f3n sobre la violencia que nos consume<\/p>\n\n\n\n<p>La noche de este s\u00e1bado, Michoac\u00e1n volvi\u00f3 a sangrar; en el coraz\u00f3n de Uruapan, una plaza repleta de familias se transform\u00f3 en escenario de horror, el alcalde Carlos Manzo fue asesinado a quemarropa durante el Festival de Velas. No fue un ataque silencioso, fue un mensaje grabado en plomo: el crimen manda, y el Estado calla.<\/p>\n\n\n\n<p>Manzo, elegido en 2021 como candidato independiente, no era un pol\u00edtico de discurso hueco. Hijo de productores de aguacate, conoc\u00eda de cerca la presi\u00f3n de los c\u00e1rteles sobre el campo y la econom\u00eda local. Desde el primer d\u00eda denunci\u00f3 con nombre y apellido la infiltraci\u00f3n del crimen organizado en los huertos, mercados y obras p\u00fablicas. Lo hizo sin escoltas, sin pactos, y con la convicci\u00f3n de que la ley deb\u00eda volver a tener rostro.<\/p>\n\n\n\n<p>Pero su voz se volvi\u00f3 inc\u00f3moda; en cartas y declaraciones p\u00fablicas, Manzo suplic\u00f3 apoyo al gobernador Ram\u00edrez Bedolla y a la presidenta Claudia Sheinbaum. \u201cNo podemos solos\u201d, escribi\u00f3 en 2023, al detallar las amenazas en su contra; en julio de este a\u00f1o pidi\u00f3 p\u00fablicamente la presencia de la Guardia Nacional. Las respuestas fueron tibias, las promesas, tard\u00edas.<\/p>\n\n\n\n<p>Su asesinato no solo seg\u00f3 una vida, sino tambi\u00e9n una esperanza. Ejecutado ante mujeres y ni\u00f1os, el crimen busc\u00f3 sembrar miedo: que nadie m\u00e1s se atreva. En Uruapan, donde el 40% de los homicidios est\u00e1n ligados al narco, la ejecuci\u00f3n de un alcalde valiente confirma que en M\u00e9xico ser honesto se ha vuelto una sentencia.<\/p>\n\n\n\n<p>M\u00e1s de 100 alcaldes han sido asesinados desde 2018. Manzo se suma a una lista que retrata el colapso del pacto social y la ausencia del Estado en los territorios que gobierna el miedo.<\/p>\n\n\n\n<p>El legado de Carlos Manzo nos enfrenta a una pregunta que ya no admite evasivas:<br>\u00bfcu\u00e1ntos m\u00e1s deber\u00e1n morir para que el gobierno entienda que la paz no se decreta, se defiende?<\/p>\n\n\n\n<p>Si su muerte no provoca acci\u00f3n, su nombre ser\u00e1 solo otro eco en el silencio de una democracia sitiada.<\/p>\n","protected":false},"excerpt":{"rendered":"<p>Por Art1llero, en reflexi\u00f3n sobre la violencia que nos consume La noche de este s\u00e1bado, Michoac\u00e1n volvi\u00f3 a sangrar; en el coraz\u00f3n de Uruapan, una plaza repleta de familias se transform\u00f3 en escenario de horror, el alcalde Carlos Manzo fue asesinado a quemarropa durante el Festival de Velas. No fue un ataque silencioso, fue un [&hellip;]<\/p>\n","protected":false},"author":35,"featured_media":199249,"comment_status":"open","ping_status":"open","sticky":false,"template":"","format":"standard","meta":{"_monsterinsights_skip_tracking":false,"_monsterinsights_sitenote_active":false,"_monsterinsights_sitenote_note":"","_monsterinsights_sitenote_category":0,"footnotes":""},"categories":[429],"tags":[430],"class_list":["post-199248","post","type-post","status-publish","format-standard","has-post-thumbnail","hentry","category-artillero","tag-moises-hernandez-yoldi","wp-image-borders"],"amp_enabled":true,"_links":{"self":[{"href":"https:\/\/nvnoticias.mx\/index.php\/wp-json\/wp\/v2\/posts\/199248","targetHints":{"allow":["GET"]}}],"collection":[{"href":"https:\/\/nvnoticias.mx\/index.php\/wp-json\/wp\/v2\/posts"}],"about":[{"href":"https:\/\/nvnoticias.mx\/index.php\/wp-json\/wp\/v2\/types\/post"}],"author":[{"embeddable":true,"href":"https:\/\/nvnoticias.mx\/index.php\/wp-json\/wp\/v2\/users\/35"}],"replies":[{"embeddable":true,"href":"https:\/\/nvnoticias.mx\/index.php\/wp-json\/wp\/v2\/comments?post=199248"}],"version-history":[{"count":2,"href":"https:\/\/nvnoticias.mx\/index.php\/wp-json\/wp\/v2\/posts\/199248\/revisions"}],"predecessor-version":[{"id":199251,"href":"https:\/\/nvnoticias.mx\/index.php\/wp-json\/wp\/v2\/posts\/199248\/revisions\/199251"}],"wp:featuredmedia":[{"embeddable":true,"href":"https:\/\/nvnoticias.mx\/index.php\/wp-json\/wp\/v2\/media\/199249"}],"wp:attachment":[{"href":"https:\/\/nvnoticias.mx\/index.php\/wp-json\/wp\/v2\/media?parent=199248"}],"wp:term":[{"taxonomy":"category","embeddable":true,"href":"https:\/\/nvnoticias.mx\/index.php\/wp-json\/wp\/v2\/categories?post=199248"},{"taxonomy":"post_tag","embeddable":true,"href":"https:\/\/nvnoticias.mx\/index.php\/wp-json\/wp\/v2\/tags?post=199248"}],"curies":[{"name":"wp","href":"https:\/\/api.w.org\/{rel}","templated":true}]}}