{"id":199240,"date":"2025-11-01T21:30:15","date_gmt":"2025-11-02T03:30:15","guid":{"rendered":"https:\/\/nvnoticias.mx\/?p=199240"},"modified":"2025-11-01T21:30:19","modified_gmt":"2025-11-02T03:30:19","slug":"clasico-regio-rayados-y-tigres-empatan-en-la-jornada-16","status":"publish","type":"post","link":"https:\/\/nvnoticias.mx\/index.php\/2025\/11\/01\/clasico-regio-rayados-y-tigres-empatan-en-la-jornada-16\/","title":{"rendered":"Cl\u00e1sico Regio: Rayados y Tigres empatan en la jornada 16"},"content":{"rendered":"\n<p><\/p>\n\n\n\n<p><strong>Monterrey empat\u00f3<\/strong>&nbsp;1-1 ante&nbsp;<strong>Tigres<\/strong>&nbsp;en el&nbsp;<strong>Estadio BBVA<\/strong>, en la&nbsp;<strong>edici\u00f3n 141 del Cl\u00e1sico Regio<\/strong>, correspondiente a la&nbsp;<strong>jornada 16<\/strong>&nbsp;del&nbsp;<strong>Apertura 2025<\/strong>&nbsp;de la&nbsp;<strong>Liga MX<\/strong>.<\/p>\n\n\n\n<p>Luego de una falta de&nbsp;<strong>Jes\u00fas Angulo<\/strong>&nbsp;sobre&nbsp;<strong>Germ\u00e1n Berterame<\/strong>&nbsp;dentro del \u00e1rea, el espa\u00f1ol&nbsp;<strong>Sergio Canales<\/strong>&nbsp;<strong>abri\u00f3<\/strong>&nbsp;el marcador a favor de&nbsp;<strong>Rayados<\/strong>&nbsp;al&nbsp;<strong>minuto 45<\/strong>, por la v\u00eda<strong>&nbsp;penal<\/strong>.<\/p>\n\n\n\n<p>M\u00e1s adelante,&nbsp;<strong>\u00c1ngel Correa<\/strong>&nbsp;aprovech\u00f3 un rebote y marc\u00f3 el&nbsp;<strong>gol<\/strong>&nbsp;del&nbsp;<strong>empate<\/strong>&nbsp;para&nbsp;<strong>Tigres<\/strong>&nbsp;al&nbsp;<strong>67&#8242;<\/strong>.<\/p>\n\n\n\n<p><strong>Rayados de Monterrey&nbsp;<\/strong>se mantiene en la&nbsp;<strong>quinta posici\u00f3n<\/strong>&nbsp;con<strong>&nbsp;31 puntos<\/strong>, mientras que&nbsp;<strong>Tigres<\/strong>&nbsp;dej\u00f3 ir la oportunidad de colocarse como l\u00edder y se ubica en la&nbsp;<strong>tercera posici\u00f3n<\/strong>&nbsp;con<strong>&nbsp;33 unidades<\/strong>.<\/p>\n","protected":false},"excerpt":{"rendered":"<p>Monterrey empat\u00f3&nbsp;1-1 ante&nbsp;Tigres&nbsp;en el&nbsp;Estadio BBVA, en la&nbsp;edici\u00f3n 141 del Cl\u00e1sico Regio, correspondiente a la&nbsp;jornada 16&nbsp;del&nbsp;Apertura 2025&nbsp;de la&nbsp;Liga MX. Luego de una falta de&nbsp;Jes\u00fas Angulo&nbsp;sobre&nbsp;Germ\u00e1n Berterame&nbsp;dentro del \u00e1rea, el espa\u00f1ol&nbsp;Sergio Canales&nbsp;abri\u00f3&nbsp;el marcador a favor de&nbsp;Rayados&nbsp;al&nbsp;minuto 45, por la v\u00eda&nbsp;penal. M\u00e1s adelante,&nbsp;\u00c1ngel Correa&nbsp;aprovech\u00f3 un rebote y marc\u00f3 el&nbsp;gol&nbsp;del&nbsp;empate&nbsp;para&nbsp;Tigres&nbsp;al&nbsp;67&#8242;. Rayados de Monterrey&nbsp;se mantiene en la&nbsp;quinta posici\u00f3n&nbsp;con&nbsp;31 puntos, mientras [&hellip;]<\/p>\n","protected":false},"author":8,"featured_media":199243,"comment_status":"open","ping_status":"open","sticky":false,"template":"","format":"standard","meta":{"_monsterinsights_skip_tracking":false,"_monsterinsights_sitenote_active":false,"_monsterinsights_sitenote_note":"","_monsterinsights_sitenote_category":0,"footnotes":""},"categories":[159],"tags":[12079,917,10890,1262],"class_list":["post-199240","post","type-post","status-publish","format-standard","has-post-thumbnail","hentry","category-deportes","tag-clasico-regio","tag-liga-mx","tag-rayados","tag-tigres","wp-image-borders"],"amp_enabled":true,"_links":{"self":[{"href":"https:\/\/nvnoticias.mx\/index.php\/wp-json\/wp\/v2\/posts\/199240","targetHints":{"allow":["GET"]}}],"collection":[{"href":"https:\/\/nvnoticias.mx\/index.php\/wp-json\/wp\/v2\/posts"}],"about":[{"href":"https:\/\/nvnoticias.mx\/index.php\/wp-json\/wp\/v2\/types\/post"}],"author":[{"embeddable":true,"href":"https:\/\/nvnoticias.mx\/index.php\/wp-json\/wp\/v2\/users\/8"}],"replies":[{"embeddable":true,"href":"https:\/\/nvnoticias.mx\/index.php\/wp-json\/wp\/v2\/comments?post=199240"}],"version-history":[{"count":1,"href":"https:\/\/nvnoticias.mx\/index.php\/wp-json\/wp\/v2\/posts\/199240\/revisions"}],"predecessor-version":[{"id":199244,"href":"https:\/\/nvnoticias.mx\/index.php\/wp-json\/wp\/v2\/posts\/199240\/revisions\/199244"}],"wp:featuredmedia":[{"embeddable":true,"href":"https:\/\/nvnoticias.mx\/index.php\/wp-json\/wp\/v2\/media\/199243"}],"wp:attachment":[{"href":"https:\/\/nvnoticias.mx\/index.php\/wp-json\/wp\/v2\/media?parent=199240"}],"wp:term":[{"taxonomy":"category","embeddable":true,"href":"https:\/\/nvnoticias.mx\/index.php\/wp-json\/wp\/v2\/categories?post=199240"},{"taxonomy":"post_tag","embeddable":true,"href":"https:\/\/nvnoticias.mx\/index.php\/wp-json\/wp\/v2\/tags?post=199240"}],"curies":[{"name":"wp","href":"https:\/\/api.w.org\/{rel}","templated":true}]}}