{"id":19918,"date":"2021-07-31T15:43:40","date_gmt":"2021-07-31T20:43:40","guid":{"rendered":"https:\/\/nvnoticias.mx\/?p=19918"},"modified":"2021-07-31T15:43:41","modified_gmt":"2021-07-31T20:43:41","slug":"venezuela-pide-fin-al-bloqueo-de-estados-unidos","status":"publish","type":"post","link":"https:\/\/nvnoticias.mx\/index.php\/2021\/07\/31\/venezuela-pide-fin-al-bloqueo-de-estados-unidos\/","title":{"rendered":"Venezuela pide fin al bloqueo de Estados Unidos"},"content":{"rendered":"\n<p><strong>Jes\u00fas Utrilla | NV Noticias<\/strong><\/p>\n\n\n\n<p>Es urgente establecer un di\u00e1logo en igualdad de condiciones entre Venezuela y Estados Unidos, ante el bloqueo que vive el pa\u00eds suramericano, se\u00f1al\u00f3 el embajador de Venezuela en M\u00e9xico, Francisco Javier Arias C\u00e1rdenas.<\/p>\n\n\n\n<p>Dijo que su crisis es porque les impide vender su petr\u00f3leo, comprar alimentos, realizar transacciones bancarias, entre otros.<\/p>\n\n\n\n<p>Por ello no solo debe responsabilizarse al Gobierno sino ver los factores internacionales que est\u00e1n influyendo.<\/p>\n\n\n\n<blockquote class=\"wp-block-quote is-layout-flow wp-block-quote-is-layout-flow\"><p>\u201cSe est\u00e1 dando un di\u00e1logo interno en el pa\u00eds y vamos a avanzar para buscar una soluci\u00f3n. El bloque es una realidad. De 3 millones de barriles de petr\u00f3leo que se calculan a un precio de 50 u 80 d\u00f3lares, solo llegamos a 600 mil por el bloqueo, es una situaci\u00f3n preocupante\u201d.<\/p><\/blockquote>\n\n\n\n<p>El embajador junto con el secretario de la SEV, Zenyazen Escobar Garc\u00eda, realizaron una ofrenda floral por el 238 Aniversario del Natalicio de Sim\u00f3n Bol\u00edvar.<\/p>\n\n\n\n<p>Puntualiz\u00f3 que Estados Unidos no tiene derecho de bloquear a Cuba ni a Venezuela por lo que el pueblo de este \u00faltimo s\u00f3lo pide respeto y que les permitan autonom\u00eda para resolver sus problemas internos.<\/p>\n\n\n\n<blockquote class=\"wp-block-quote is-layout-flow wp-block-quote-is-layout-flow\"><p>\u201cHemos tenido golpes de estado, no es una excusa, hemos tenido intento de invasi\u00f3n donde han participado los norteamericanos, es una realidad\u201d.<\/p><\/blockquote>\n\n\n\n<p>Finalmente dijo que Venezuela en medio del bloqueo realiza un esfuerzo grande para hacer frente a la emergencia sanitaria del coronavirus.<\/p>\n","protected":false},"excerpt":{"rendered":"<p>Jes\u00fas Utrilla | NV Noticias Es urgente establecer un di\u00e1logo en igualdad de condiciones entre Venezuela y Estados Unidos, ante el bloqueo que vive el pa\u00eds suramericano, se\u00f1al\u00f3 el embajador de Venezuela en M\u00e9xico, Francisco Javier Arias C\u00e1rdenas. Dijo que su crisis es porque les impide vender su petr\u00f3leo, comprar alimentos, realizar transacciones bancarias, entre [&hellip;]<\/p>\n","protected":false},"author":7,"featured_media":19919,"comment_status":"open","ping_status":"open","sticky":false,"template":"","format":"standard","meta":{"_monsterinsights_skip_tracking":false,"_monsterinsights_sitenote_active":false,"_monsterinsights_sitenote_note":"","_monsterinsights_sitenote_category":0,"footnotes":""},"categories":[154],"tags":[1905,183,5314,1540],"class_list":["post-19918","post","type-post","status-publish","format-standard","has-post-thumbnail","hentry","category-veracruz","tag-bloqueo","tag-estados-unidos","tag-francisco-javier-arias-cardenas","tag-venezuela","wp-image-borders"],"amp_enabled":true,"_links":{"self":[{"href":"https:\/\/nvnoticias.mx\/index.php\/wp-json\/wp\/v2\/posts\/19918","targetHints":{"allow":["GET"]}}],"collection":[{"href":"https:\/\/nvnoticias.mx\/index.php\/wp-json\/wp\/v2\/posts"}],"about":[{"href":"https:\/\/nvnoticias.mx\/index.php\/wp-json\/wp\/v2\/types\/post"}],"author":[{"embeddable":true,"href":"https:\/\/nvnoticias.mx\/index.php\/wp-json\/wp\/v2\/users\/7"}],"replies":[{"embeddable":true,"href":"https:\/\/nvnoticias.mx\/index.php\/wp-json\/wp\/v2\/comments?post=19918"}],"version-history":[{"count":1,"href":"https:\/\/nvnoticias.mx\/index.php\/wp-json\/wp\/v2\/posts\/19918\/revisions"}],"predecessor-version":[{"id":19920,"href":"https:\/\/nvnoticias.mx\/index.php\/wp-json\/wp\/v2\/posts\/19918\/revisions\/19920"}],"wp:featuredmedia":[{"embeddable":true,"href":"https:\/\/nvnoticias.mx\/index.php\/wp-json\/wp\/v2\/media\/19919"}],"wp:attachment":[{"href":"https:\/\/nvnoticias.mx\/index.php\/wp-json\/wp\/v2\/media?parent=19918"}],"wp:term":[{"taxonomy":"category","embeddable":true,"href":"https:\/\/nvnoticias.mx\/index.php\/wp-json\/wp\/v2\/categories?post=19918"},{"taxonomy":"post_tag","embeddable":true,"href":"https:\/\/nvnoticias.mx\/index.php\/wp-json\/wp\/v2\/tags?post=19918"}],"curies":[{"name":"wp","href":"https:\/\/api.w.org\/{rel}","templated":true}]}}