{"id":199062,"date":"2025-10-30T09:48:23","date_gmt":"2025-10-30T15:48:23","guid":{"rendered":"https:\/\/nvnoticias.mx\/?p=199062"},"modified":"2025-10-30T09:48:26","modified_gmt":"2025-10-30T15:48:26","slug":"sheinbaum-muestra-notificacion-de-detencion-de-simon-levy-en-portugal","status":"publish","type":"post","link":"https:\/\/nvnoticias.mx\/index.php\/2025\/10\/30\/sheinbaum-muestra-notificacion-de-detencion-de-simon-levy-en-portugal\/","title":{"rendered":"Sheinbaum muestra notificaci\u00f3n de detenci\u00f3n de Sim\u00f3n Levy en Portugal"},"content":{"rendered":"\n<p>La presidenta Claudia Sheinbaum mostr\u00f3 una notificaci\u00f3n enviada por autoridades de\u00a0<strong>Lisboa, Portugal<\/strong>, sobre la\u00a0detenci\u00f3n de Sim\u00f3n Levy, ocurrida luego de que intent\u00f3 ingresar a ese pa\u00eds.<\/p>\n\n\n\n<p>Coment\u00f3 que el exsubsecretario de Turismo en el gobierno de L\u00f3pez Obrador&nbsp;<strong>posee la nacionalidad de alg\u00fan pa\u00eds europeo<\/strong>, lo que le permite continuar su proceso en libertad.<\/p>\n\n\n\n<p>\u201cPor medio del presente correo electr\u00f3nico, se informa que el ciudadano&nbsp;<strong>Sim\u00f3n \u2018N\u2019 fue detenido el 28 de octubre de 2025<\/strong>&nbsp;al ingresar a territorio nacional, en virtud de una orden internacional de detenci\u00f3n, y fue presentado ante el Tribunal de Lisboa en el d\u00eda de hoy\u201d, ley\u00f3 sobre la notificaci\u00f3n que recibieron las autoridades mexicanas.<\/p>\n\n\n\n<p>\u201c\u00c9l parece que tiene nacionalidad de alguno de los pa\u00edses europeos y, por lo tanto, lo liberan, pero no le permiten salir del pa\u00eds. (&#8230;) Estaba falto de la verdad \u2014vamos a decirlo as\u00ed\u2014, que no\u00a0estaba en Portugal sino en Washington\u201d, afirm\u00f3 la mandataria.<\/p>\n\n\n\n<p>Fuente: El <a href=\"https:\/\/www.elfinanciero.com.mx\/nacional\/2025\/10\/30\/claudia-sheinbaum-mananera-temas-hoy-30-de-octubre-de-2025-en-vivo\/\">Financiero<\/a><\/p>\n","protected":false},"excerpt":{"rendered":"<p>La presidenta Claudia Sheinbaum mostr\u00f3 una notificaci\u00f3n enviada por autoridades de\u00a0Lisboa, Portugal, sobre la\u00a0detenci\u00f3n de Sim\u00f3n Levy, ocurrida luego de que intent\u00f3 ingresar a ese pa\u00eds. Coment\u00f3 que el exsubsecretario de Turismo en el gobierno de L\u00f3pez Obrador&nbsp;posee la nacionalidad de alg\u00fan pa\u00eds europeo, lo que le permite continuar su proceso en libertad. \u201cPor medio [&hellip;]<\/p>\n","protected":false},"author":35,"featured_media":199065,"comment_status":"open","ping_status":"open","sticky":false,"template":"","format":"standard","meta":{"_monsterinsights_skip_tracking":false,"_monsterinsights_sitenote_active":false,"_monsterinsights_sitenote_note":"","_monsterinsights_sitenote_category":0,"footnotes":""},"categories":[158],"tags":[2801,162,4450,32543],"class_list":["post-199062","post","type-post","status-publish","format-standard","has-post-thumbnail","hentry","category-politica","tag-claudia-sheinbaum","tag-portada","tag-portugal","tag-simon-levy","wp-image-borders"],"amp_enabled":true,"_links":{"self":[{"href":"https:\/\/nvnoticias.mx\/index.php\/wp-json\/wp\/v2\/posts\/199062","targetHints":{"allow":["GET"]}}],"collection":[{"href":"https:\/\/nvnoticias.mx\/index.php\/wp-json\/wp\/v2\/posts"}],"about":[{"href":"https:\/\/nvnoticias.mx\/index.php\/wp-json\/wp\/v2\/types\/post"}],"author":[{"embeddable":true,"href":"https:\/\/nvnoticias.mx\/index.php\/wp-json\/wp\/v2\/users\/35"}],"replies":[{"embeddable":true,"href":"https:\/\/nvnoticias.mx\/index.php\/wp-json\/wp\/v2\/comments?post=199062"}],"version-history":[{"count":3,"href":"https:\/\/nvnoticias.mx\/index.php\/wp-json\/wp\/v2\/posts\/199062\/revisions"}],"predecessor-version":[{"id":199066,"href":"https:\/\/nvnoticias.mx\/index.php\/wp-json\/wp\/v2\/posts\/199062\/revisions\/199066"}],"wp:featuredmedia":[{"embeddable":true,"href":"https:\/\/nvnoticias.mx\/index.php\/wp-json\/wp\/v2\/media\/199065"}],"wp:attachment":[{"href":"https:\/\/nvnoticias.mx\/index.php\/wp-json\/wp\/v2\/media?parent=199062"}],"wp:term":[{"taxonomy":"category","embeddable":true,"href":"https:\/\/nvnoticias.mx\/index.php\/wp-json\/wp\/v2\/categories?post=199062"},{"taxonomy":"post_tag","embeddable":true,"href":"https:\/\/nvnoticias.mx\/index.php\/wp-json\/wp\/v2\/tags?post=199062"}],"curies":[{"name":"wp","href":"https:\/\/api.w.org\/{rel}","templated":true}]}}