{"id":198790,"date":"2025-10-28T10:43:23","date_gmt":"2025-10-28T16:43:23","guid":{"rendered":"https:\/\/nvnoticias.mx\/?p=198790"},"modified":"2025-10-28T10:43:26","modified_gmt":"2025-10-28T16:43:26","slug":"semar-opera-rescate-de-presunto-sobreviviente-del-ataque-de-eu-en-aguas-internacionales","status":"publish","type":"post","link":"https:\/\/nvnoticias.mx\/index.php\/2025\/10\/28\/semar-opera-rescate-de-presunto-sobreviviente-del-ataque-de-eu-en-aguas-internacionales\/","title":{"rendered":"Semar opera rescate de presunto sobreviviente del ataque de EU en aguas internacionales"},"content":{"rendered":"\n<p>Personal de la Secretar\u00eda de Marina-Armada de M\u00e9xico&nbsp;&nbsp;(Semar) realiza una operaci\u00f3n de rescate de una persona que presuntamente sobrevivi\u00f3 a un ataque realizado por autoridades estadunidense en contra de una embarcaci\u00f3n que al parecer transportaba droga en aguas internacionales.<\/p>\n\n\n\n<p>La operaci\u00f3n de rescate sigue en curso, inform\u00f3 la Semar y se realiza con apego a tratados internacionales.<\/p>\n\n\n\n<p>La instituci\u00f3n naval indic\u00f3 que &#8220;En cumplimiento del Convenio Internacional para la Seguridad de la Vida Humana en el Mar (SOLAS) y tras la solicitud de Guardia Costera de EU, &nbsp;la Armada de M\u00e9xico atiende una operaci\u00f3n de b\u00fasqueda y rescate mar\u00edtimo a 400 millas al suroeste de Acapulco (830 km) con el objeto de salvaguardar la vida humana en la mar&#8221;.<\/p>\n\n\n\n<p>En esta operaci\u00f3n se realiza con un buque patrulla oce\u00e1nica y un avi\u00f3n de patrulla mar\u00edtima.<\/p>\n\n\n\n<p>Se debe mencionar que esta operaci\u00f3n de rescate se realiza, luego de que ayer, &#8220;bajo la direcci\u00f3n del presidente Trump, el Departamento de Guerra llev\u00f3 a cabo tres ataques cin\u00e9ticos letales en cuatro buques operados por Organizaciones Terroristas Designadas (DTO) que trafican narc\u00f3ticos en el Pac\u00edfico Oriental&#8221;, dio a conocer a trav\u00e9s de &#8220;X&#8221;, Pete Segteh, secretario de Guerra de Estados Unidos.<\/p>\n\n\n\n<p>Fuente: La <a href=\"https:\/\/www.jornada.com.mx\/noticia\/2025\/10\/28\/politica\/semar-maniobra-rescate-de-una-persona-presuntamente-sobreviviente-a-ataque-de-eu-en-aguas-internacionales\">Jornada<\/a> <\/p>\n","protected":false},"excerpt":{"rendered":"<p>Personal de la Secretar\u00eda de Marina-Armada de M\u00e9xico&nbsp;&nbsp;(Semar) realiza una operaci\u00f3n de rescate de una persona que presuntamente sobrevivi\u00f3 a un ataque realizado por autoridades estadunidense en contra de una embarcaci\u00f3n que al parecer transportaba droga en aguas internacionales. La operaci\u00f3n de rescate sigue en curso, inform\u00f3 la Semar y se realiza con apego a [&hellip;]<\/p>\n","protected":false},"author":35,"featured_media":198793,"comment_status":"open","ping_status":"open","sticky":false,"template":"","format":"standard","meta":{"_monsterinsights_skip_tracking":false,"_monsterinsights_sitenote_active":false,"_monsterinsights_sitenote_note":"","_monsterinsights_sitenote_category":0,"footnotes":""},"categories":[158],"tags":[183,162,319],"class_list":["post-198790","post","type-post","status-publish","format-standard","has-post-thumbnail","hentry","category-politica","tag-estados-unidos","tag-portada","tag-semar","wp-image-borders"],"amp_enabled":true,"_links":{"self":[{"href":"https:\/\/nvnoticias.mx\/index.php\/wp-json\/wp\/v2\/posts\/198790","targetHints":{"allow":["GET"]}}],"collection":[{"href":"https:\/\/nvnoticias.mx\/index.php\/wp-json\/wp\/v2\/posts"}],"about":[{"href":"https:\/\/nvnoticias.mx\/index.php\/wp-json\/wp\/v2\/types\/post"}],"author":[{"embeddable":true,"href":"https:\/\/nvnoticias.mx\/index.php\/wp-json\/wp\/v2\/users\/35"}],"replies":[{"embeddable":true,"href":"https:\/\/nvnoticias.mx\/index.php\/wp-json\/wp\/v2\/comments?post=198790"}],"version-history":[{"count":4,"href":"https:\/\/nvnoticias.mx\/index.php\/wp-json\/wp\/v2\/posts\/198790\/revisions"}],"predecessor-version":[{"id":198797,"href":"https:\/\/nvnoticias.mx\/index.php\/wp-json\/wp\/v2\/posts\/198790\/revisions\/198797"}],"wp:featuredmedia":[{"embeddable":true,"href":"https:\/\/nvnoticias.mx\/index.php\/wp-json\/wp\/v2\/media\/198793"}],"wp:attachment":[{"href":"https:\/\/nvnoticias.mx\/index.php\/wp-json\/wp\/v2\/media?parent=198790"}],"wp:term":[{"taxonomy":"category","embeddable":true,"href":"https:\/\/nvnoticias.mx\/index.php\/wp-json\/wp\/v2\/categories?post=198790"},{"taxonomy":"post_tag","embeddable":true,"href":"https:\/\/nvnoticias.mx\/index.php\/wp-json\/wp\/v2\/tags?post=198790"}],"curies":[{"name":"wp","href":"https:\/\/api.w.org\/{rel}","templated":true}]}}