{"id":198763,"date":"2025-10-27T14:50:19","date_gmt":"2025-10-27T20:50:19","guid":{"rendered":"https:\/\/nvnoticias.mx\/?p=198763"},"modified":"2025-10-27T14:50:23","modified_gmt":"2025-10-27T20:50:23","slug":"sheinbaum-anuncia-nuevas-detenciones-vinculadas-a-la-desaparicion-de-los-43-normalistas","status":"publish","type":"post","link":"https:\/\/nvnoticias.mx\/index.php\/2025\/10\/27\/sheinbaum-anuncia-nuevas-detenciones-vinculadas-a-la-desaparicion-de-los-43-normalistas\/","title":{"rendered":"Sheinbaum anuncia nuevas detenciones vinculadas a la desaparici\u00f3n de los 43 normalistas"},"content":{"rendered":"\n<p>En los \u00faltimos d\u00edas se han realizado importantes aprehensiones de personas vinculadas con la desaparici\u00f3n de 43 j\u00f3venes de la Escuela Normal rural de Ayotzinapa, as\u00ed lo inform\u00f3 la presidenta Claudia Sheinbaum.&nbsp;<\/p>\n\n\n\n<p>La Presidenta puntualiz\u00f3 que no dar\u00eda a conocer los nombres&nbsp;hasta en tanto&nbsp;no se re\u00fana con los padres de los j\u00f3venes desaparecidos.&nbsp;<\/p>\n\n\n\n<p>Durante su conferencia, la mandataria dijo que en noviembre habr\u00e1 un nuevo encuentro con los familiares, aunque a\u00fan no se ha precisado la fecha exacta.<\/p>\n\n\n\n<p>Poco antes, Sheinbaum expuso su desacuerdo con el Comit\u00e9 de Desapariciones Forzadas de la Organizaci\u00f3n de las Naciones Unidas sobre las desapariciones en M\u00e9xico. Dijo que la discrepancia obedece a que M\u00e9xico plantea que a diferencia de los a\u00f1os sesentas, setentas y ochentas, cuando estas desapariciones las perpetraba el Estado mexicano contra integrantes de la guerrilla o militantes de organizaciones, en la actualidad, estas desapariciones est\u00e1n ligadas fundamentalmente al crimen organizado.<\/p>\n\n\n\n<p>Fuente: La <a href=\"https:\/\/www.jornada.com.mx\/noticia\/2025\/10\/27\/politica\/sheinbaum-anuncia-nuevas-detenciones-vinculadas-a-la-desaparcion-de-los-43-normalistas\">Jornada<\/a> <\/p>\n","protected":false},"excerpt":{"rendered":"<p>En los \u00faltimos d\u00edas se han realizado importantes aprehensiones de personas vinculadas con la desaparici\u00f3n de 43 j\u00f3venes de la Escuela Normal rural de Ayotzinapa, as\u00ed lo inform\u00f3 la presidenta Claudia Sheinbaum.&nbsp; La Presidenta puntualiz\u00f3 que no dar\u00eda a conocer los nombres&nbsp;hasta en tanto&nbsp;no se re\u00fana con los padres de los j\u00f3venes desaparecidos.&nbsp; Durante su [&hellip;]<\/p>\n","protected":false},"author":35,"featured_media":198765,"comment_status":"open","ping_status":"open","sticky":false,"template":"","format":"standard","meta":{"_monsterinsights_skip_tracking":false,"_monsterinsights_sitenote_active":false,"_monsterinsights_sitenote_note":"","_monsterinsights_sitenote_category":0,"footnotes":""},"categories":[158],"tags":[2801,162],"class_list":["post-198763","post","type-post","status-publish","format-standard","has-post-thumbnail","hentry","category-politica","tag-claudia-sheinbaum","tag-portada","wp-image-borders"],"amp_enabled":true,"_links":{"self":[{"href":"https:\/\/nvnoticias.mx\/index.php\/wp-json\/wp\/v2\/posts\/198763","targetHints":{"allow":["GET"]}}],"collection":[{"href":"https:\/\/nvnoticias.mx\/index.php\/wp-json\/wp\/v2\/posts"}],"about":[{"href":"https:\/\/nvnoticias.mx\/index.php\/wp-json\/wp\/v2\/types\/post"}],"author":[{"embeddable":true,"href":"https:\/\/nvnoticias.mx\/index.php\/wp-json\/wp\/v2\/users\/35"}],"replies":[{"embeddable":true,"href":"https:\/\/nvnoticias.mx\/index.php\/wp-json\/wp\/v2\/comments?post=198763"}],"version-history":[{"count":3,"href":"https:\/\/nvnoticias.mx\/index.php\/wp-json\/wp\/v2\/posts\/198763\/revisions"}],"predecessor-version":[{"id":198767,"href":"https:\/\/nvnoticias.mx\/index.php\/wp-json\/wp\/v2\/posts\/198763\/revisions\/198767"}],"wp:featuredmedia":[{"embeddable":true,"href":"https:\/\/nvnoticias.mx\/index.php\/wp-json\/wp\/v2\/media\/198765"}],"wp:attachment":[{"href":"https:\/\/nvnoticias.mx\/index.php\/wp-json\/wp\/v2\/media?parent=198763"}],"wp:term":[{"taxonomy":"category","embeddable":true,"href":"https:\/\/nvnoticias.mx\/index.php\/wp-json\/wp\/v2\/categories?post=198763"},{"taxonomy":"post_tag","embeddable":true,"href":"https:\/\/nvnoticias.mx\/index.php\/wp-json\/wp\/v2\/tags?post=198763"}],"curies":[{"name":"wp","href":"https:\/\/api.w.org\/{rel}","templated":true}]}}