{"id":198619,"date":"2025-10-27T09:31:45","date_gmt":"2025-10-27T15:31:45","guid":{"rendered":"https:\/\/nvnoticias.mx\/?p=198619"},"modified":"2025-10-27T09:31:49","modified_gmt":"2025-10-27T15:31:49","slug":"tu-eliges-que-quieres","status":"publish","type":"post","link":"https:\/\/nvnoticias.mx\/index.php\/2025\/10\/27\/tu-eliges-que-quieres\/","title":{"rendered":"T\u00fa eliges que quieres\u2026"},"content":{"rendered":"\n<p><\/p>\n\n\n\n<figure class=\"wp-block-pullquote\"><blockquote><p><strong>Dr. Jerem\u00edas Z\u00fa\u00f1iga Mezano<\/strong><\/p><\/blockquote><\/figure>\n\n\n\n<p>T\u00fa eliges qu\u00e9 lunes quieres tener, qu\u00e9 semana vas a construir y qu\u00e9 vida vas a vivir.<br>Puedes seguir con el lunes del cansancio, el fastidio y la falta de ganas, ese lunes gris que se arrastra, que se queja, que sobrevive sin prop\u00f3sito\u2026<\/p>\n\n\n\n<p>O puedes elegir el lunes del esfuerzo, la tenacidad y el liderazgo. El lunes que se levanta con energ\u00eda, que agradece, que lucha, que inspira. El lunes del car\u00e1cter, de la disciplina, del coraje para enfrentar lo que venga.<\/p>\n\n\n\n<p>El lunes que abre caminos, que transforma el d\u00eda y cambia la historia.<\/p>\n\n\n\n<p>La diferencia entre uno y otro no est\u00e1 en el calendario, est\u00e1 en ti, en tu decisi\u00f3n, en tu actitud.<\/p>\n\n\n\n<p>Porque cuando t\u00fa cambias el lunes, cambias tu semana.<br>Y cuando cambias tu actitud, cambias tu vida.<\/p>\n\n\n\n<h1 class=\"wp-block-heading\">ParaSerMejores sabidur\u00eda e inteligencia<\/h1>\n","protected":false},"excerpt":{"rendered":"<p>Dr. Jerem\u00edas Z\u00fa\u00f1iga Mezano T\u00fa eliges qu\u00e9 lunes quieres tener, qu\u00e9 semana vas a construir y qu\u00e9 vida vas a vivir.Puedes seguir con el lunes del cansancio, el fastidio y la falta de ganas, ese lunes gris que se arrastra, que se queja, que sobrevive sin prop\u00f3sito\u2026 O puedes elegir el lunes del esfuerzo, la [&hellip;]<\/p>\n","protected":false},"author":48,"featured_media":198624,"comment_status":"open","ping_status":"open","sticky":false,"template":"","format":"standard","meta":{"_monsterinsights_skip_tracking":false,"_monsterinsights_sitenote_active":false,"_monsterinsights_sitenote_note":"","_monsterinsights_sitenote_category":0,"footnotes":""},"categories":[30211],"tags":[31391],"class_list":["post-198619","post","type-post","status-publish","format-standard","has-post-thumbnail","hentry","category-para-ser-mejores","tag-jeremias-zuniga-mezano","wp-image-borders"],"amp_enabled":true,"_links":{"self":[{"href":"https:\/\/nvnoticias.mx\/index.php\/wp-json\/wp\/v2\/posts\/198619","targetHints":{"allow":["GET"]}}],"collection":[{"href":"https:\/\/nvnoticias.mx\/index.php\/wp-json\/wp\/v2\/posts"}],"about":[{"href":"https:\/\/nvnoticias.mx\/index.php\/wp-json\/wp\/v2\/types\/post"}],"author":[{"embeddable":true,"href":"https:\/\/nvnoticias.mx\/index.php\/wp-json\/wp\/v2\/users\/48"}],"replies":[{"embeddable":true,"href":"https:\/\/nvnoticias.mx\/index.php\/wp-json\/wp\/v2\/comments?post=198619"}],"version-history":[{"count":2,"href":"https:\/\/nvnoticias.mx\/index.php\/wp-json\/wp\/v2\/posts\/198619\/revisions"}],"predecessor-version":[{"id":198630,"href":"https:\/\/nvnoticias.mx\/index.php\/wp-json\/wp\/v2\/posts\/198619\/revisions\/198630"}],"wp:featuredmedia":[{"embeddable":true,"href":"https:\/\/nvnoticias.mx\/index.php\/wp-json\/wp\/v2\/media\/198624"}],"wp:attachment":[{"href":"https:\/\/nvnoticias.mx\/index.php\/wp-json\/wp\/v2\/media?parent=198619"}],"wp:term":[{"taxonomy":"category","embeddable":true,"href":"https:\/\/nvnoticias.mx\/index.php\/wp-json\/wp\/v2\/categories?post=198619"},{"taxonomy":"post_tag","embeddable":true,"href":"https:\/\/nvnoticias.mx\/index.php\/wp-json\/wp\/v2\/tags?post=198619"}],"curies":[{"name":"wp","href":"https:\/\/api.w.org\/{rel}","templated":true}]}}