{"id":198594,"date":"2025-10-26T15:07:10","date_gmt":"2025-10-26T21:07:10","guid":{"rendered":"https:\/\/nvnoticias.mx\/?p=198594"},"modified":"2025-10-26T15:07:14","modified_gmt":"2025-10-26T21:07:14","slug":"llama-cazzu-descarado-a-nodal-por-afirmar-que-cumple-con-sus-obligaciones-con-su-hija","status":"publish","type":"post","link":"https:\/\/nvnoticias.mx\/index.php\/2025\/10\/26\/llama-cazzu-descarado-a-nodal-por-afirmar-que-cumple-con-sus-obligaciones-con-su-hija\/","title":{"rendered":"Llama Cazzu descarado a Nodal por afirmar que cumple con sus obligaciones con su hija"},"content":{"rendered":"\n<p><\/p>\n\n\n\n<p>El conflicto entre Cazzu y Christian Nodal volvi\u00f3 a encender las redes sociales. Luego de que el equipo legal del cantante difundiera un comunicado asegurando que Nodal cumple con todas sus responsabilidades como padre, la artista argentina decidi\u00f3 responder p\u00fablicamente con palabras contundentes: lo calific\u00f3 como \u201cdescarado\u201d y \u201cmentiroso\u201d.<\/p>\n\n\n\n<p>Durante un encuentro con reporteros antes de partir de M\u00e9xico consignado por Alan Morales, la int\u00e9rprete de &#8220;Nena Trampa&#8221; expres\u00f3 su molestia ante lo que considera una campa\u00f1a medi\u00e1tica en su contra. \u201cPrimero, me parece un descaro\u201d, dijo entre risas nerviosas, al ser cuestionada sobre la afirmaci\u00f3n de que su expareja cumple con sus obligaciones como padre.<\/p>\n\n\n\n<p>\u201cMe encantar\u00eda que toda esa energ\u00eda que se pone en entrevistas y comunicados se usara para conciliar, para tomar decisiones importantes sobre el futuro de mi hija\u201d, agreg\u00f3.<\/p>\n\n\n\n<p>Sus declaraciones llegaron d\u00edas despu\u00e9s de que Nodal publicara en Instagram un video desde el estudio acompa\u00f1ado del mensaje \u201cuna peda, una llorada y luego a lo que sigue\u201d, que muchos interpretaron como una indirecta hacia su expareja y madre de su hija. La respuesta de Cazzu no tard\u00f3 en llegar. En su concierto en el Auditorio Nacional, dedic\u00f3 la canci\u00f3n &#8220;Inti&#8221; a las madres solteras y lanz\u00f3 una frase que se volvi\u00f3 viral: \u201cCuando una es madre, el amor de un hombre importa un carajo\u201d.<\/p>\n\n\n\n<p>\u201cMe resulta muy violento\u201d<\/p>\n\n\n\n<p>En su conversaci\u00f3n con medios, Cazzu explic\u00f3 que se siente \u201cmuy atacada\u201d y que le resulta \u201cviolento\u201d el momento en que Nodal decidi\u00f3 hacer p\u00fablico el comunicado. \u201cQu\u00e9 casualidad, \u00bfno? Justo cuando estoy en una etapa importante de trabajo. A m\u00ed no me queda m\u00e1s que seguir y esperar que esto se torne mejor para todos\u201d, afirm\u00f3.<\/p>\n\n\n\n<p>Respecto a las declaraciones del sonorense sobre supuestas cantidades millonarias que aporta para la manutenci\u00f3n de su hija, Cazzu fue tajante: \u201cQue me digan a d\u00f3nde fueron, por favor. Tengo toda la historia guardada, he hecho mucho esfuerzo por mantener la calma y por conciliar. No me gustar\u00eda usar todas las verdades que tengo solo para defenderme de algo que no es justo\u201d.<\/p>\n\n\n\n<p>La cantante tambi\u00e9n desminti\u00f3 que Nodal tenga dificultades para ver a la peque\u00f1a Inti. \u201cEs muy f\u00e1cil acceder a ella. Siempre ha compartido tiempo con su familia. Lo que pas\u00f3 fue que nos contact\u00f3 alguien que no conoc\u00edamos, sin avisar que hab\u00edan cambiado de equipo legal. Fue confuso, pero no imposible\u201d, aclar\u00f3.<\/p>\n\n\n\n<h2 class=\"wp-block-heading\">\u201cNo tengo miedo\u201d<\/h2>\n\n\n\n<p>Aunque admiti\u00f3 sentirse angustiada por el rumbo que ha tomado la situaci\u00f3n, Cazzu dej\u00f3 claro que no teme a una escalada legal. \u201cNo hay nada a lo que le tenga miedo. Solo quiero que todo esto llegue a un concilio y podamos hablar de otras cosas\u201d, se\u00f1al\u00f3.<\/p>\n\n\n\n<p>Entre aplausos y muestras de apoyo, la cantante cerr\u00f3 el tema con serenidad: \u201cHe tratado de que todo salga de la mejor manera posible. Dios sabe que he puesto de mi parte\u201d, finaliz\u00f3.<\/p>\n\n\n\n<p>Fuente: <a href=\"https:\/\/www.infobae.com\/mexico\/2025\/10\/26\/cazzu-llama-descarado-a-nodal-por-afirmar-que-cumple-con-sus-obligaciones-con-inti-y-amenaza-con-exponer-sus-mentiras\/\">Infobae<\/a><\/p>\n","protected":false},"excerpt":{"rendered":"<p>El conflicto entre Cazzu y Christian Nodal volvi\u00f3 a encender las redes sociales. Luego de que el equipo legal del cantante difundiera un comunicado asegurando que Nodal cumple con todas sus responsabilidades como padre, la artista argentina decidi\u00f3 responder p\u00fablicamente con palabras contundentes: lo calific\u00f3 como \u201cdescarado\u201d y \u201cmentiroso\u201d. Durante un encuentro con reporteros antes [&hellip;]<\/p>\n","protected":false},"author":6,"featured_media":198595,"comment_status":"open","ping_status":"open","sticky":false,"template":"","format":"standard","meta":{"_monsterinsights_skip_tracking":false,"_monsterinsights_sitenote_active":false,"_monsterinsights_sitenote_note":"","_monsterinsights_sitenote_category":0,"footnotes":""},"categories":[576],"tags":[24614,10436],"class_list":["post-198594","post","type-post","status-publish","format-standard","has-post-thumbnail","hentry","category-ocio","tag-cazzu","tag-nodal","wp-image-borders"],"amp_enabled":true,"_links":{"self":[{"href":"https:\/\/nvnoticias.mx\/index.php\/wp-json\/wp\/v2\/posts\/198594","targetHints":{"allow":["GET"]}}],"collection":[{"href":"https:\/\/nvnoticias.mx\/index.php\/wp-json\/wp\/v2\/posts"}],"about":[{"href":"https:\/\/nvnoticias.mx\/index.php\/wp-json\/wp\/v2\/types\/post"}],"author":[{"embeddable":true,"href":"https:\/\/nvnoticias.mx\/index.php\/wp-json\/wp\/v2\/users\/6"}],"replies":[{"embeddable":true,"href":"https:\/\/nvnoticias.mx\/index.php\/wp-json\/wp\/v2\/comments?post=198594"}],"version-history":[{"count":1,"href":"https:\/\/nvnoticias.mx\/index.php\/wp-json\/wp\/v2\/posts\/198594\/revisions"}],"predecessor-version":[{"id":198596,"href":"https:\/\/nvnoticias.mx\/index.php\/wp-json\/wp\/v2\/posts\/198594\/revisions\/198596"}],"wp:featuredmedia":[{"embeddable":true,"href":"https:\/\/nvnoticias.mx\/index.php\/wp-json\/wp\/v2\/media\/198595"}],"wp:attachment":[{"href":"https:\/\/nvnoticias.mx\/index.php\/wp-json\/wp\/v2\/media?parent=198594"}],"wp:term":[{"taxonomy":"category","embeddable":true,"href":"https:\/\/nvnoticias.mx\/index.php\/wp-json\/wp\/v2\/categories?post=198594"},{"taxonomy":"post_tag","embeddable":true,"href":"https:\/\/nvnoticias.mx\/index.php\/wp-json\/wp\/v2\/tags?post=198594"}],"curies":[{"name":"wp","href":"https:\/\/api.w.org\/{rel}","templated":true}]}}