{"id":19818,"date":"2021-07-30T09:48:20","date_gmt":"2021-07-30T14:48:20","guid":{"rendered":"https:\/\/nvnoticias.mx\/?p=19818"},"modified":"2021-07-30T09:49:06","modified_gmt":"2021-07-30T14:49:06","slug":"trabajadores-del-gobierno-regresaran-a-las-oficinas-este-2-de-agosto","status":"publish","type":"post","link":"https:\/\/nvnoticias.mx\/index.php\/2021\/07\/30\/trabajadores-del-gobierno-regresaran-a-las-oficinas-este-2-de-agosto\/","title":{"rendered":"Trabajadores del Gobierno regresar\u00e1n a las oficinas este 2 de agosto"},"content":{"rendered":"\n<p>La Secretar\u00eda de la Funci\u00f3n P\u00fablica inform\u00f3 este viernes que los empleados al servicio del Estado regresar\u00e1n este lunes 2 de agosto a laborar de nueva cuenta a sus oficinas, sin embargo bajo un nuevo esquema.<\/p>\n\n\n\n<p>Los primeros en regresar, tras pasar m\u00e1s de un a\u00f1o en home office, ser\u00e1n las personas que cuenten con su esquema completo de vacunaci\u00f3n\u00a0contra COVID-19.<\/p>\n\n\n\n<p>En el\u00a0<a rel=\"noreferrer noopener\" href=\"https:\/\/www.dof.gob.mx\/nota_detalle.php?codigo=5625339&amp;fecha=30\/07\/2021\" target=\"_blank\">decreto<\/a>, publicado en el Diario Oficial de la Federaci\u00f3n\u00a0(DOF), se\u00f1al\u00f3 que antes, los trabajadores deber\u00e1n realizarse una prueba\u00a0de detecci\u00f3n del virus SARS-CoV-2.<\/p>\n\n\n\n<p>Los titulares\u00a0de las dependencia de la Administraci\u00f3n P\u00fablica Federal\u00a0organizar\u00e1n las plantillas de trabajadores esenciales.<\/p>\n\n\n\n<p>Los empleados alternar\u00e1n d\u00edas de trabajo presencial con otros a distancia, adem\u00e1s que todos deber\u00e1n respetar las medidas sanitarias y de sana distancia establecidas por la Secretar\u00eda de Salud para evitar repuntes de contagios de coronavirus.<\/p>\n\n\n\n<p>Sin embargo,\u00a0podr\u00e1n seguir laborando a distancia personas con discapacidad; mujeres embarazadas o en periodo de lactancia; y personas con enfermedades cr\u00f3nicas como obesidad m\u00f3rbida, diabetes, hipertensi\u00f3n arterial, asma, infecci\u00f3n por VIH, enfermedad renal cr\u00f3nica, c\u00e1ncer en tratamiento, entre otras.<\/p>\n\n\n\n<p>Luego del anuncio del gobierno para permitir el\u00a0regreso a las oficinas con un aforo del 20% en medio de la pandemia del COVID-19 dado en abril, el l\u00edder de la Federaci\u00f3n de Sindicatos de Trabajadores al Servicio del Estado (FSTSE), Joel Ayala, advirti\u00f3 que deben estar\u00a0vacunados.<\/p>\n\n\n\n<p>Fuente: Infobae<\/p>\n","protected":false},"excerpt":{"rendered":"<p>La Secretar\u00eda de la Funci\u00f3n P\u00fablica inform\u00f3 este viernes que los empleados al servicio del Estado regresar\u00e1n este lunes 2 de agosto a laborar de nueva cuenta a sus oficinas, sin embargo bajo un nuevo esquema. Los primeros en regresar, tras pasar m\u00e1s de un a\u00f1o en home office, ser\u00e1n las personas que cuenten con [&hellip;]<\/p>\n","protected":false},"author":6,"featured_media":19820,"comment_status":"open","ping_status":"open","sticky":false,"template":"","format":"standard","meta":{"_monsterinsights_skip_tracking":false,"_monsterinsights_sitenote_active":false,"_monsterinsights_sitenote_note":"","_monsterinsights_sitenote_category":0,"footnotes":""},"categories":[157],"tags":[2314,5290],"class_list":["post-19818","post","type-post","status-publish","format-standard","has-post-thumbnail","hentry","category-nacional","tag-oficinas","tag-trabajadores-del-gobierno","wp-image-borders"],"amp_enabled":true,"_links":{"self":[{"href":"https:\/\/nvnoticias.mx\/index.php\/wp-json\/wp\/v2\/posts\/19818","targetHints":{"allow":["GET"]}}],"collection":[{"href":"https:\/\/nvnoticias.mx\/index.php\/wp-json\/wp\/v2\/posts"}],"about":[{"href":"https:\/\/nvnoticias.mx\/index.php\/wp-json\/wp\/v2\/types\/post"}],"author":[{"embeddable":true,"href":"https:\/\/nvnoticias.mx\/index.php\/wp-json\/wp\/v2\/users\/6"}],"replies":[{"embeddable":true,"href":"https:\/\/nvnoticias.mx\/index.php\/wp-json\/wp\/v2\/comments?post=19818"}],"version-history":[{"count":1,"href":"https:\/\/nvnoticias.mx\/index.php\/wp-json\/wp\/v2\/posts\/19818\/revisions"}],"predecessor-version":[{"id":19819,"href":"https:\/\/nvnoticias.mx\/index.php\/wp-json\/wp\/v2\/posts\/19818\/revisions\/19819"}],"wp:featuredmedia":[{"embeddable":true,"href":"https:\/\/nvnoticias.mx\/index.php\/wp-json\/wp\/v2\/media\/19820"}],"wp:attachment":[{"href":"https:\/\/nvnoticias.mx\/index.php\/wp-json\/wp\/v2\/media?parent=19818"}],"wp:term":[{"taxonomy":"category","embeddable":true,"href":"https:\/\/nvnoticias.mx\/index.php\/wp-json\/wp\/v2\/categories?post=19818"},{"taxonomy":"post_tag","embeddable":true,"href":"https:\/\/nvnoticias.mx\/index.php\/wp-json\/wp\/v2\/tags?post=19818"}],"curies":[{"name":"wp","href":"https:\/\/api.w.org\/{rel}","templated":true}]}}