{"id":198063,"date":"2025-10-21T12:14:48","date_gmt":"2025-10-21T18:14:48","guid":{"rendered":"https:\/\/nvnoticias.mx\/?p=198063"},"modified":"2025-10-21T12:14:51","modified_gmt":"2025-10-21T18:14:51","slug":"declina-sheinbaum-hablar-sobre-algun-supuesto-nombramiento-para-norona","status":"publish","type":"post","link":"https:\/\/nvnoticias.mx\/index.php\/2025\/10\/21\/declina-sheinbaum-hablar-sobre-algun-supuesto-nombramiento-para-norona\/","title":{"rendered":"Declina Sheinbaum hablar sobre alg\u00fan supuesto nombramiento para Noro\u00f1a"},"content":{"rendered":"\n<p>Ante el anuncio del senador de Morena, Gerardo Fern\u00e1ndez Noro\u00f1a de que solicitar\u00e1 permiso a su espacio en la C\u00e1mara alta, la presidenta Claudia Sheinbaum solamente se\u00f1al\u00f3 que \u201c\u00e9l es quien tiene que informar, no yo\u201d. A pesar de la insistencia en si hab\u00eda alguna designaci\u00f3n oficial para un nuevo cargo gubernamental, declin\u00f3 hablar.<\/p>\n\n\n\n<p>De igual forma, ante la pol\u00e9mica desatada porque el diputado federal, Cuauht\u00e9moc Blanco prefiri\u00f3 estar jugando p\u00e1del a asistir a una reuni\u00f3n de comisiones en la C\u00e1mara de Diputados, la mandataria consider\u00f3 que ella no ten\u00eda que estar opinando en eso. La C\u00e1mara de Diputados debe tener sus criterios; imponer sanciones en funci\u00f3n de las circunstancias y debe tener un reglamento para aplicarlo.<\/p>\n\n\n\n<p>M\u00e1s adelante a pregunta expresa sobre la participaci\u00f3n de la ex candidata presidencial opositora, X\u00f3chitl G\u00e1lvez en el relanzamiento del Partido Acci\u00f3n Nacional en medio de la emergencia en cinco entidades, Sheinbaum fue cautelosa: \u201ccada quien\u2026\u201d.<\/p>\n\n\n\n<p>Fuente: La <a href=\"https:\/\/www.jornada.com.mx\/noticia\/2025\/10\/21\/politica\/declina-sheinbaum-a-hablar-sobre-algun-supuesto-nombramiento-para-norona-el-tiene-que-informar\">Jornada<\/a><\/p>\n","protected":false},"excerpt":{"rendered":"<p>Ante el anuncio del senador de Morena, Gerardo Fern\u00e1ndez Noro\u00f1a de que solicitar\u00e1 permiso a su espacio en la C\u00e1mara alta, la presidenta Claudia Sheinbaum solamente se\u00f1al\u00f3 que \u201c\u00e9l es quien tiene que informar, no yo\u201d. A pesar de la insistencia en si hab\u00eda alguna designaci\u00f3n oficial para un nuevo cargo gubernamental, declin\u00f3 hablar. De [&hellip;]<\/p>\n","protected":false},"author":35,"featured_media":198067,"comment_status":"open","ping_status":"open","sticky":false,"template":"","format":"standard","meta":{"_monsterinsights_skip_tracking":false,"_monsterinsights_sitenote_active":false,"_monsterinsights_sitenote_note":"","_monsterinsights_sitenote_category":0,"footnotes":""},"categories":[158],"tags":[2801,8970,162],"class_list":["post-198063","post","type-post","status-publish","format-standard","has-post-thumbnail","hentry","category-politica","tag-claudia-sheinbaum","tag-gerardo-fernandez-norona","tag-portada","wp-image-borders"],"amp_enabled":true,"_links":{"self":[{"href":"https:\/\/nvnoticias.mx\/index.php\/wp-json\/wp\/v2\/posts\/198063","targetHints":{"allow":["GET"]}}],"collection":[{"href":"https:\/\/nvnoticias.mx\/index.php\/wp-json\/wp\/v2\/posts"}],"about":[{"href":"https:\/\/nvnoticias.mx\/index.php\/wp-json\/wp\/v2\/types\/post"}],"author":[{"embeddable":true,"href":"https:\/\/nvnoticias.mx\/index.php\/wp-json\/wp\/v2\/users\/35"}],"replies":[{"embeddable":true,"href":"https:\/\/nvnoticias.mx\/index.php\/wp-json\/wp\/v2\/comments?post=198063"}],"version-history":[{"count":4,"href":"https:\/\/nvnoticias.mx\/index.php\/wp-json\/wp\/v2\/posts\/198063\/revisions"}],"predecessor-version":[{"id":198068,"href":"https:\/\/nvnoticias.mx\/index.php\/wp-json\/wp\/v2\/posts\/198063\/revisions\/198068"}],"wp:featuredmedia":[{"embeddable":true,"href":"https:\/\/nvnoticias.mx\/index.php\/wp-json\/wp\/v2\/media\/198067"}],"wp:attachment":[{"href":"https:\/\/nvnoticias.mx\/index.php\/wp-json\/wp\/v2\/media?parent=198063"}],"wp:term":[{"taxonomy":"category","embeddable":true,"href":"https:\/\/nvnoticias.mx\/index.php\/wp-json\/wp\/v2\/categories?post=198063"},{"taxonomy":"post_tag","embeddable":true,"href":"https:\/\/nvnoticias.mx\/index.php\/wp-json\/wp\/v2\/tags?post=198063"}],"curies":[{"name":"wp","href":"https:\/\/api.w.org\/{rel}","templated":true}]}}