{"id":19789,"date":"2021-07-29T14:41:02","date_gmt":"2021-07-29T19:41:02","guid":{"rendered":"https:\/\/nvnoticias.mx\/?p=19789"},"modified":"2021-07-29T14:41:03","modified_gmt":"2021-07-29T19:41:03","slug":"ordena-juez-suspender-juicio-contra-roberto-sandoval","status":"publish","type":"post","link":"https:\/\/nvnoticias.mx\/index.php\/2021\/07\/29\/ordena-juez-suspender-juicio-contra-roberto-sandoval\/","title":{"rendered":"Ordena Juez suspender juicio contra Roberto Sandoval"},"content":{"rendered":"\n<p>Una\u00a0juez federal\u00a0orden\u00f3 suspender el proceso contra el ex gobernador de\u00a0Nayarit,\u00a0Roberto Sandoval por falsificaci\u00f3n de documentos, por lo que por el momento no pueden iniciarle juicio por este caso.<\/p>\n\n\n\n<p>La juez Segundo de Distrito de Amparo en materia Penal en Nayarit,\u00a0Laura Margarita Sep\u00falveda Castro\u00a0admiti\u00f3 a tr\u00e1mite la\u00a0demanda de Sandoval Casta\u00f1eda\u00a0contra el auto de vinculaci\u00f3n a proceso dictado el seis de julio pasado en la causa penal 850\/2020 por el juez de Control del Juzgado de Primera Instancia del Sistema Penal Acusatorio y Oral, Regi\u00f3n III.<\/p>\n\n\n\n<p>Indic\u00f3 que ser\u00e1 el pr\u00f3ximo 26 de agosto cuando celebre la audiencia constitucional para resolver si concede o no el amparo solicitado por el ex gobernador.<br>Mientras tanto, orden\u00f3 al juez de control continuar con el proceso penal hasta la conclusi\u00f3n de la etapa intermedia, pero deber\u00e1 suspenderlo antes de emitir auto de apertura a juicio.<\/p>\n\n\n\n<blockquote class=\"wp-block-quote is-layout-flow wp-block-quote-is-layout-flow\"><p>\u201cSe indica al Juez se\u00f1alado como responsable que deber\u00e1 suspender el procedimiento en la causa penal que siga contra el directo quejoso una vez concluida la etapa intermedia y hasta que sea notificada de la resoluci\u00f3n que recaiga en este juicio de amparo, lo anterior de conformidad con el art\u00edculo 61, fracci\u00f3n XVII, p\u00e1rrafo segundo, de la Ley de Amparo, siempre y cuando lo anterior no haya sucedido\u201d, se\u00f1al\u00f3 la juzgadora.<\/p><\/blockquote>\n\n\n\n<p>En su acuerdo, la juez reconoci\u00f3 a Rub\u00e9n Castillo Castillo y Ramona Alejandra Marques Rayas, como terceros interesados en el juicio de amparo porque tienen la calidad de v\u00edctimas en el delito que se le imputa a Roberto Sandoval.<\/p>\n\n\n\n<p>En este caso, Sandoval Casta\u00f1eda fue imputado por la Fiscal\u00eda General de Justicia de Nayarit, en 2012, por falsificar firmas para apoderarse de 58 hect\u00e1reas de terreno aleda\u00f1as al rancho \u201cEl Ensue\u00f1o\u201d en la comunidad de Aut\u00e1n, en San Blas.<\/p>\n\n\n\n<p>Fuente: El Universal<\/p>\n","protected":false},"excerpt":{"rendered":"<p>Una\u00a0juez federal\u00a0orden\u00f3 suspender el proceso contra el ex gobernador de\u00a0Nayarit,\u00a0Roberto Sandoval por falsificaci\u00f3n de documentos, por lo que por el momento no pueden iniciarle juicio por este caso. La juez Segundo de Distrito de Amparo en materia Penal en Nayarit,\u00a0Laura Margarita Sep\u00falveda Castro\u00a0admiti\u00f3 a tr\u00e1mite la\u00a0demanda de Sandoval Casta\u00f1eda\u00a0contra el auto de vinculaci\u00f3n a proceso [&hellip;]<\/p>\n","protected":false},"author":6,"featured_media":16004,"comment_status":"open","ping_status":"open","sticky":false,"template":"","format":"standard","meta":{"_monsterinsights_skip_tracking":false,"_monsterinsights_sitenote_active":false,"_monsterinsights_sitenote_note":"","_monsterinsights_sitenote_category":0,"footnotes":""},"categories":[158],"tags":[2188,162,1890],"class_list":["post-19789","post","type-post","status-publish","format-standard","has-post-thumbnail","hentry","category-politica","tag-juez","tag-portada","tag-roberto-sandoval","wp-image-borders"],"amp_enabled":true,"_links":{"self":[{"href":"https:\/\/nvnoticias.mx\/index.php\/wp-json\/wp\/v2\/posts\/19789","targetHints":{"allow":["GET"]}}],"collection":[{"href":"https:\/\/nvnoticias.mx\/index.php\/wp-json\/wp\/v2\/posts"}],"about":[{"href":"https:\/\/nvnoticias.mx\/index.php\/wp-json\/wp\/v2\/types\/post"}],"author":[{"embeddable":true,"href":"https:\/\/nvnoticias.mx\/index.php\/wp-json\/wp\/v2\/users\/6"}],"replies":[{"embeddable":true,"href":"https:\/\/nvnoticias.mx\/index.php\/wp-json\/wp\/v2\/comments?post=19789"}],"version-history":[{"count":2,"href":"https:\/\/nvnoticias.mx\/index.php\/wp-json\/wp\/v2\/posts\/19789\/revisions"}],"predecessor-version":[{"id":19791,"href":"https:\/\/nvnoticias.mx\/index.php\/wp-json\/wp\/v2\/posts\/19789\/revisions\/19791"}],"wp:featuredmedia":[{"embeddable":true,"href":"https:\/\/nvnoticias.mx\/index.php\/wp-json\/wp\/v2\/media\/16004"}],"wp:attachment":[{"href":"https:\/\/nvnoticias.mx\/index.php\/wp-json\/wp\/v2\/media?parent=19789"}],"wp:term":[{"taxonomy":"category","embeddable":true,"href":"https:\/\/nvnoticias.mx\/index.php\/wp-json\/wp\/v2\/categories?post=19789"},{"taxonomy":"post_tag","embeddable":true,"href":"https:\/\/nvnoticias.mx\/index.php\/wp-json\/wp\/v2\/tags?post=19789"}],"curies":[{"name":"wp","href":"https:\/\/api.w.org\/{rel}","templated":true}]}}