{"id":197773,"date":"2025-10-18T15:20:04","date_gmt":"2025-10-18T21:20:04","guid":{"rendered":"https:\/\/nvnoticias.mx\/?p=197773"},"modified":"2025-10-18T15:20:07","modified_gmt":"2025-10-18T21:20:07","slug":"historico-mexico-hace-el-1-2-en-la-copa-del-mundo-de-tiro-con-arco-2025","status":"publish","type":"post","link":"https:\/\/nvnoticias.mx\/index.php\/2025\/10\/18\/historico-mexico-hace-el-1-2-en-la-copa-del-mundo-de-tiro-con-arco-2025\/","title":{"rendered":"\u00a1Hist\u00f3rico! M\u00e9xico hace el 1-2 en la Copa del Mundo de Tiro con Arco 2025"},"content":{"rendered":"\n<p><\/p>\n\n\n\n<p><strong>M\u00e9xico&nbsp;<\/strong>consigui\u00f3 un 1-2 en la&nbsp;<strong>Copa del Mundo de Tiro con Arco 2025<\/strong>&nbsp;gracias a que&nbsp;<strong>Mariana Bernal&nbsp;<\/strong>y&nbsp;<strong>Maya Becerra<\/strong>&nbsp;se llevaron las medallas de oro y plata en el certamen que se realiza en&nbsp;<strong>Nanjing<\/strong>,&nbsp;<strong>China<\/strong>.<\/p>\n\n\n\n<p>Bernal y Becerra regalaron una incre\u00edble actuaci\u00f3n en la final y tuvieron que llegar hasta la flecha de oro para definir a la ganadora.<\/p>\n\n\n\n<p>Durante un momento del duelo, ambas arqueras lanzaron 23 flechas consecutivas de 10 puntos, lo que dej\u00f3 un empate de 147 puntos tras cinco sets.<\/p>\n\n\n\n<p>En el desempate, fue&nbsp;<strong>Mariana Bernal<\/strong>&nbsp;quien termin\u00f3 por llevarse el oro al vencer a su compatriota. El bronce fue para la india&nbsp;<strong>Surekha Vennam<\/strong>.<\/p>\n\n\n\n<p>\u201cSe siente como un sue\u00f1o hecho realidad. [\u2026] Tuve que mantenerme presente y concentrada en cada flecha. Tuve una lesi\u00f3n y salir adelante despu\u00e9s de eso, fue muy dif\u00edcil\u201d,\u00a0dijo\u00a0Bernal tras vencer a Becerra.<\/p>\n\n\n\n<p>Este es un nuevo \u00e9xito para el<strong>&nbsp;tiro con arco<\/strong>&nbsp;mexicano. Hace apenas un mes, Bernal y Becerra, junto a&nbsp;<strong>Adriana Castillo<\/strong>, lucieron al dar a&nbsp;<strong>M\u00e9xico<\/strong>&nbsp;dos medallas de oro y un bronce y llevarlo al segundo lugar del medallero.<\/p>\n\n\n\n<p><strong>M\u00e9xico<\/strong>&nbsp;se ha convertido desde hace varios a\u00f1os en una potencia en esta disciplina y ha brillado en los&nbsp;<strong>Juegos Ol\u00edmpicos<\/strong>&nbsp;al ganar cuatro preseas.<\/p>\n","protected":false},"excerpt":{"rendered":"<p>M\u00e9xico&nbsp;consigui\u00f3 un 1-2 en la&nbsp;Copa del Mundo de Tiro con Arco 2025&nbsp;gracias a que&nbsp;Mariana Bernal&nbsp;y&nbsp;Maya Becerra&nbsp;se llevaron las medallas de oro y plata en el certamen que se realiza en&nbsp;Nanjing,&nbsp;China. Bernal y Becerra regalaron una incre\u00edble actuaci\u00f3n en la final y tuvieron que llegar hasta la flecha de oro para definir a la ganadora. Durante [&hellip;]<\/p>\n","protected":false},"author":8,"featured_media":197774,"comment_status":"open","ping_status":"open","sticky":false,"template":"","format":"standard","meta":{"_monsterinsights_skip_tracking":false,"_monsterinsights_sitenote_active":false,"_monsterinsights_sitenote_note":"","_monsterinsights_sitenote_category":0,"footnotes":""},"categories":[159],"tags":[32478,4153,6484,5279],"class_list":["post-197773","post","type-post","status-publish","format-standard","has-post-thumbnail","hentry","category-deportes","tag-mundial-2025","tag-oro","tag-plata","tag-tiro-con-arco","wp-image-borders"],"amp_enabled":true,"_links":{"self":[{"href":"https:\/\/nvnoticias.mx\/index.php\/wp-json\/wp\/v2\/posts\/197773","targetHints":{"allow":["GET"]}}],"collection":[{"href":"https:\/\/nvnoticias.mx\/index.php\/wp-json\/wp\/v2\/posts"}],"about":[{"href":"https:\/\/nvnoticias.mx\/index.php\/wp-json\/wp\/v2\/types\/post"}],"author":[{"embeddable":true,"href":"https:\/\/nvnoticias.mx\/index.php\/wp-json\/wp\/v2\/users\/8"}],"replies":[{"embeddable":true,"href":"https:\/\/nvnoticias.mx\/index.php\/wp-json\/wp\/v2\/comments?post=197773"}],"version-history":[{"count":1,"href":"https:\/\/nvnoticias.mx\/index.php\/wp-json\/wp\/v2\/posts\/197773\/revisions"}],"predecessor-version":[{"id":197775,"href":"https:\/\/nvnoticias.mx\/index.php\/wp-json\/wp\/v2\/posts\/197773\/revisions\/197775"}],"wp:featuredmedia":[{"embeddable":true,"href":"https:\/\/nvnoticias.mx\/index.php\/wp-json\/wp\/v2\/media\/197774"}],"wp:attachment":[{"href":"https:\/\/nvnoticias.mx\/index.php\/wp-json\/wp\/v2\/media?parent=197773"}],"wp:term":[{"taxonomy":"category","embeddable":true,"href":"https:\/\/nvnoticias.mx\/index.php\/wp-json\/wp\/v2\/categories?post=197773"},{"taxonomy":"post_tag","embeddable":true,"href":"https:\/\/nvnoticias.mx\/index.php\/wp-json\/wp\/v2\/tags?post=197773"}],"curies":[{"name":"wp","href":"https:\/\/api.w.org\/{rel}","templated":true}]}}