{"id":19771,"date":"2021-07-29T11:51:23","date_gmt":"2021-07-29T16:51:23","guid":{"rendered":"https:\/\/nvnoticias.mx\/?p=19771"},"modified":"2021-07-29T11:51:24","modified_gmt":"2021-07-29T16:51:24","slug":"la-tortola-turca-un-ave-invasora","status":"publish","type":"post","link":"https:\/\/nvnoticias.mx\/index.php\/2021\/07\/29\/la-tortola-turca-un-ave-invasora\/","title":{"rendered":"La tortola turca, un ave invasora"},"content":{"rendered":"\n<p><strong>Por: Miguel Salvador Rodriguez Azueta\u00a0<\/strong><\/p>\n\n\n\n<p>En estas semanas me llam\u00f3 la atenci\u00f3n presenciar el extra\u00f1o comportamiento de una especia de paloma que yo llamaba gris.&nbsp;<\/p>\n\n\n\n<p>Ca\u00edan de repente a la acera de la calle en el centro hist\u00f3rico, algunas vomitando y otras defecando, sin poder volar, aturdidas y&nbsp;v\u00edctimas&nbsp;de los autom\u00f3viles.&nbsp;&nbsp;&nbsp;<\/p>\n\n\n\n<p>A diferencia de la paloma com\u00fan (Columba&nbsp;Livia) que se llena de hongos y cuyas heces son altamente peligrosas para los humanos, esta especie de paloma no presenta ning\u00fan s\u00edntoma exterior, como el de las palomas comunes.&nbsp;<\/p>\n\n\n\n<p>Ahora bien, trataba de recordar la presencia de estas aves en mi infancia y no me ven\u00edan a la mente; con estos casos de posible envenenamiento, me puse a investigar y result\u00f3 que estas son conocidas como \u201cPalomas turcas\u201d cuyo nombre cient\u00edfico es \u201cStreptopelia&nbsp;decaocto\u201d, el cual consiste en la combinaci\u00f3n de las palabras&nbsp;\u03c3\u03c4\u03c1\u03b5\u03c0\u03c4\u03cc\u03c2&nbsp;(streptos) que significa \u00abcadena\u00bb y \u03c0\u03ad\u03bb\u03b5\u03b9\u03b1 (pelia) \u00abpaloma\u00bb, en referencia a la lista negra de su cuello. En cambio, su nombre espec\u00edfico es la latinizaci\u00f3n de la palabra griega que significa dieciocho, en alusi\u00f3n a un mito griego sobre una joven criada que pidi\u00f3 a los dioses ser liberada porque su duro trabajo solo era remunerado con 18 monedas al a\u00f1o, y se le concedi\u00f3 su deseo convirti\u00e9ndola en t\u00f3rtola, que en su arrullo recordar\u00eda el n\u00famero para siempre* (Wikipedia).&nbsp;&nbsp;<\/p>\n\n\n\n<p>Esta ave es dispersiva e invasiva, de acuerdo a los expertos es originaria de&nbsp;Euroasia&nbsp;y lleg\u00f3 a&nbsp;Bahamas en&nbsp;1970 alcanzando&nbsp;las costas&nbsp;de la Florida desde donde se ha dispersado a todo el continente.&nbsp;<\/p>\n\n\n\n<p>Con estos datos, me qued\u00f3 claro porque no las recordaba hace 50 a\u00f1os, ahora que sabemos de d\u00f3nde vienen hay que pedir ayuda a las autoridades sanitarias, para estudiar que les est\u00e1 pasando y si es peligroso para los animales dom\u00e9sticos y los seres humanos.&nbsp;<\/p>\n","protected":false},"excerpt":{"rendered":"<p>Por: Miguel Salvador Rodriguez Azueta\u00a0 En estas semanas me llam\u00f3 la atenci\u00f3n presenciar el extra\u00f1o comportamiento de una especia de paloma que yo llamaba gris.&nbsp; Ca\u00edan de repente a la acera de la calle en el centro hist\u00f3rico, algunas vomitando y otras defecando, sin poder volar, aturdidas y&nbsp;v\u00edctimas&nbsp;de los autom\u00f3viles.&nbsp;&nbsp;&nbsp; A diferencia de la paloma [&hellip;]<\/p>\n","protected":false},"author":30,"featured_media":19773,"comment_status":"open","ping_status":"open","sticky":false,"template":"","format":"standard","meta":{"_monsterinsights_skip_tracking":false,"_monsterinsights_sitenote_active":false,"_monsterinsights_sitenote_note":"","_monsterinsights_sitenote_category":0,"footnotes":""},"categories":[332],"tags":[525],"class_list":["post-19771","post","type-post","status-publish","format-standard","has-post-thumbnail","hentry","category-veracruz-en-la-cultura","tag-dr-miguel-salvador-rodriguez-azueta","wp-image-borders"],"amp_enabled":true,"_links":{"self":[{"href":"https:\/\/nvnoticias.mx\/index.php\/wp-json\/wp\/v2\/posts\/19771","targetHints":{"allow":["GET"]}}],"collection":[{"href":"https:\/\/nvnoticias.mx\/index.php\/wp-json\/wp\/v2\/posts"}],"about":[{"href":"https:\/\/nvnoticias.mx\/index.php\/wp-json\/wp\/v2\/types\/post"}],"author":[{"embeddable":true,"href":"https:\/\/nvnoticias.mx\/index.php\/wp-json\/wp\/v2\/users\/30"}],"replies":[{"embeddable":true,"href":"https:\/\/nvnoticias.mx\/index.php\/wp-json\/wp\/v2\/comments?post=19771"}],"version-history":[{"count":1,"href":"https:\/\/nvnoticias.mx\/index.php\/wp-json\/wp\/v2\/posts\/19771\/revisions"}],"predecessor-version":[{"id":19772,"href":"https:\/\/nvnoticias.mx\/index.php\/wp-json\/wp\/v2\/posts\/19771\/revisions\/19772"}],"wp:featuredmedia":[{"embeddable":true,"href":"https:\/\/nvnoticias.mx\/index.php\/wp-json\/wp\/v2\/media\/19773"}],"wp:attachment":[{"href":"https:\/\/nvnoticias.mx\/index.php\/wp-json\/wp\/v2\/media?parent=19771"}],"wp:term":[{"taxonomy":"category","embeddable":true,"href":"https:\/\/nvnoticias.mx\/index.php\/wp-json\/wp\/v2\/categories?post=19771"},{"taxonomy":"post_tag","embeddable":true,"href":"https:\/\/nvnoticias.mx\/index.php\/wp-json\/wp\/v2\/tags?post=19771"}],"curies":[{"name":"wp","href":"https:\/\/api.w.org\/{rel}","templated":true}]}}