{"id":19756,"date":"2021-07-29T10:40:35","date_gmt":"2021-07-29T15:40:35","guid":{"rendered":"https:\/\/nvnoticias.mx\/?p=19756"},"modified":"2021-07-29T10:40:36","modified_gmt":"2021-07-29T15:40:36","slug":"cuatro-canciones","status":"publish","type":"post","link":"https:\/\/nvnoticias.mx\/index.php\/2021\/07\/29\/cuatro-canciones\/","title":{"rendered":"Cuatro canciones"},"content":{"rendered":"\n<p><strong>Juan Jos\u00e9 Rodr\u00edguez Prats<\/strong><\/p>\n\n\n\n<blockquote class=\"wp-block-quote is-layout-flow wp-block-quote-is-layout-flow\"><p>\u00a0\u00a0\u00a0\u00a0<em>La patria es cosa terrenal; quien quiera ser \u00e1ngel,<br>\u00a0\u00a0\u00a0\u00a0ser\u00e1 siempre un mal patriota.<\/em><\/p><cite><strong>Ren\u00e1n<\/strong><\/cite><\/blockquote>\n\n\n\n<p>\u00a0\u00a0\u00a0\u00a0\u00a0\u00a0\u00a0\u00a0\u00a0\u00a0\u00a0<\/p>\n\n\n\n<p>Toda mi vida he hecho pol\u00edtica. Si eso es bueno o malo, lo dejo a su criterio. Me parece que sirvo para ello, con algunas actividades acad\u00e9micas por a\u00f1adidura. La experiencia me ha ense\u00f1ado algunas lecciones.<\/p>\n\n\n\n<p>Lo dice Felipe Gonz\u00e1lez, \u201ces relativamente f\u00e1cil entrar en pol\u00edtica, lo complicado es c\u00f3mo se sale\u201d. Don Adolfo Ruiz Cortines era m\u00e1s exigente: \u201cNo tan s\u00f3lo hay que iniciar bien, hay que continuar bien\u201d. S\u00ed, es una profesi\u00f3n que, como todas \u2014tal vez \u00e9sta un poco m\u00e1s\u2014, pone a prueba la condici\u00f3n humana. Por algo muchos la relacionan con una aptitud peculiar: el equilibrio. Si uno lo pierde, el descalabro es inminente. El desaf\u00edo m\u00e1s importante es mediar entre lo que se anhela y lo que uno puede y debe. Unir voluntad, capacidad y obligaci\u00f3n. Menuda tarea.<\/p>\n\n\n\n<p>Son muchas las causas que hacen complicada la pol\u00edtica, misteriosa, enigm\u00e1tica, indescifrable. Se me ocurre que la primera tarea es aplicar la navaja de Ockham, principio acu\u00f1ado por un fraile franciscano ingl\u00e9s cuyo pensamiento estuvo influido por Arist\u00f3teles y Tom\u00e1s de Aquino. El precepto de este fil\u00f3sofo del siglo XIV establece que: \u201cEntre dos teor\u00edas en igualdad de condiciones que tienen las mismas consecuencias, la explicaci\u00f3n m\u00e1s sencilla suele ser la correcta\u201d. Se aplica para racionalizar cualquier deliberaci\u00f3n mediante un ejercicio de suprimir lo confuso para focalizar lo esencial.<\/p>\n\n\n\n<p>La recomendaci\u00f3n tiene asombrosa vigencia y, aplic\u00e1ndola a nuestra situaci\u00f3n actual, sugiero asimilar el mensaje de algunas canciones.<\/p>\n\n\n\n<ul class=\"wp-block-list\"><li>La primera, de Bob Dylan,\u00a0<em>\u00bfCu\u00e1ntas vidas debe tener un hombre para poder o\u00edr el llanto de su pr\u00f3jimo?<\/em>\u00a0El siglo XXI se caracteriza por un brutal ego\u00edsmo y mucho odio. Me parece que la pol\u00edtica debe ser siempre un ejercicio de empat\u00eda. Muchos pensadores insisten en ello y eso es lo que nos dice el compositor norteamericano: la permanente atenci\u00f3n al dolor ajeno.<\/li><\/ul>\n\n\n\n<ul class=\"wp-block-list\"><li>La segunda es\u00a0<em>Imagine<\/em>, de John Lennon: \u201cDir\u00e1n que soy un so\u00f1ador, pero no soy el \u00fanico\u201d. Hoy en d\u00eda, escucha uno decir, \u00bfpero de qu\u00e9 se sorprenden si as\u00ed ha sido siempre? Una invitaci\u00f3n al conformismo y a la resignaci\u00f3n. No podemos ni debemos dejar de so\u00f1ar. Sin proyectos no puede haber una vida plena.<\/li><\/ul>\n\n\n\n<ul class=\"wp-block-list\"><li>La tercera fue originalmente compuesta por los franceses Claude Francois y Jacques Revaux y adaptada por Paul Anka. Famosa es la interpretaci\u00f3n de Frank Sinatra:\u00a0<em>A mi manera<\/em>, con una hermosa lecci\u00f3n de vida: \u201cSi un hombre no se ha conseguido a s\u00ed mismo, no ha conseguido nada\u201d. Elemental ejercicio de congruencia.<\/li><\/ul>\n\n\n\n<ul class=\"wp-block-list\"><li>La cuarta es una composici\u00f3n de Toby Keith, inspirado en una idea de Clint Eastwood: \u201cNo dejes entrar al hombre viejo\u201d, con una idea que me agrada: \u201cPreg\u00fantate c\u00f3mo te sentir\u00edas si no supieras la fecha en que naciste\u201d. En otras palabras, cu\u00e1ntas ganas te quedan de vivir, como factor decisivo para calcular la edad.<\/li><\/ul>\n\n\n\n<p>Todo lo anterior viene a cuento porque percibo que el mundo \u2014y m\u00e1s a\u00fan nuestro pa\u00eds\u2014 est\u00e1 inmerso en una enorme turbulencia. Se juega con la historia, se manosea el derecho, las palabras encubren mentiras. A problemas de enorme peligrosidad se responde con frivolidad, indolencia o indiferencia.<\/p>\n\n\n\n<p>No acudo tan s\u00f3lo a m\u00fasicos extranjeros, sino tambi\u00e9n al pensamiento del papa Francisco, quien, en 1974, en una alocuci\u00f3n congresional, expres\u00f3 consejos para orientar las decisiones pol\u00edticas: \u201cLa unidad es superior al conflicto, el todo es superior a la parte, el tiempo es superior al espacio\u201d. En 1980, seg\u00fan el escritor Austen Ivereigh, habr\u00eda a\u00f1adido un cuarto principio, antiideol\u00f3gico: \u201cLa realidad es superior a la idea\u201d.<\/p>\n\n\n\n<p>Hoy en d\u00eda es deprimente el inmisericorde bombardeo al que estamos sometidos los mexicanos: malas noticias, dimes y diretes, descalificaciones\u2026 Creo que un remanso espiritual con algunas motivaciones de nobles prop\u00f3sitos no nos vienen mal.<\/p>\n","protected":false},"excerpt":{"rendered":"<p>Juan Jos\u00e9 Rodr\u00edguez Prats \u00a0\u00a0\u00a0\u00a0La patria es cosa terrenal; quien quiera ser \u00e1ngel,\u00a0\u00a0\u00a0\u00a0ser\u00e1 siempre un mal patriota. Ren\u00e1n \u00a0\u00a0\u00a0\u00a0\u00a0\u00a0\u00a0\u00a0\u00a0\u00a0\u00a0 Toda mi vida he hecho pol\u00edtica. Si eso es bueno o malo, lo dejo a su criterio. Me parece que sirvo para ello, con algunas actividades acad\u00e9micas por a\u00f1adidura. La experiencia me ha ense\u00f1ado algunas lecciones. [&hellip;]<\/p>\n","protected":false},"author":17,"featured_media":19757,"comment_status":"open","ping_status":"open","sticky":false,"template":"","format":"standard","meta":{"_monsterinsights_skip_tracking":false,"_monsterinsights_sitenote_active":false,"_monsterinsights_sitenote_note":"","_monsterinsights_sitenote_category":0,"footnotes":""},"categories":[614],"tags":[397],"class_list":["post-19756","post","type-post","status-publish","format-standard","has-post-thumbnail","hentry","category-politica-de-principios","tag-juan-jose-rodriguez-prats-2","wp-image-borders"],"amp_enabled":true,"_links":{"self":[{"href":"https:\/\/nvnoticias.mx\/index.php\/wp-json\/wp\/v2\/posts\/19756","targetHints":{"allow":["GET"]}}],"collection":[{"href":"https:\/\/nvnoticias.mx\/index.php\/wp-json\/wp\/v2\/posts"}],"about":[{"href":"https:\/\/nvnoticias.mx\/index.php\/wp-json\/wp\/v2\/types\/post"}],"author":[{"embeddable":true,"href":"https:\/\/nvnoticias.mx\/index.php\/wp-json\/wp\/v2\/users\/17"}],"replies":[{"embeddable":true,"href":"https:\/\/nvnoticias.mx\/index.php\/wp-json\/wp\/v2\/comments?post=19756"}],"version-history":[{"count":1,"href":"https:\/\/nvnoticias.mx\/index.php\/wp-json\/wp\/v2\/posts\/19756\/revisions"}],"predecessor-version":[{"id":19758,"href":"https:\/\/nvnoticias.mx\/index.php\/wp-json\/wp\/v2\/posts\/19756\/revisions\/19758"}],"wp:featuredmedia":[{"embeddable":true,"href":"https:\/\/nvnoticias.mx\/index.php\/wp-json\/wp\/v2\/media\/19757"}],"wp:attachment":[{"href":"https:\/\/nvnoticias.mx\/index.php\/wp-json\/wp\/v2\/media?parent=19756"}],"wp:term":[{"taxonomy":"category","embeddable":true,"href":"https:\/\/nvnoticias.mx\/index.php\/wp-json\/wp\/v2\/categories?post=19756"},{"taxonomy":"post_tag","embeddable":true,"href":"https:\/\/nvnoticias.mx\/index.php\/wp-json\/wp\/v2\/tags?post=19756"}],"curies":[{"name":"wp","href":"https:\/\/api.w.org\/{rel}","templated":true}]}}