{"id":197557,"date":"2025-10-16T12:35:43","date_gmt":"2025-10-16T18:35:43","guid":{"rendered":"https:\/\/nvnoticias.mx\/?p=197557"},"modified":"2025-10-16T12:35:46","modified_gmt":"2025-10-16T18:35:46","slug":"hay-campana-de-desinformacion-contra-la-reforma-a-la-ley-de-amparo-zaldivar","status":"publish","type":"post","link":"https:\/\/nvnoticias.mx\/index.php\/2025\/10\/16\/hay-campana-de-desinformacion-contra-la-reforma-a-la-ley-de-amparo-zaldivar\/","title":{"rendered":"Hay campa\u00f1a de desinformaci\u00f3n contra la reforma a la Ley de Amparo: Zald\u00edvar"},"content":{"rendered":"\n<p>El coordinador general de Pol\u00edtica y Gobierno de la Presidencia de la Rep\u00fablica, Arturo Zald\u00edvar, acus\u00f3 que hay una campa\u00f1a de desinformaci\u00f3n contra la reforma a la Ley de Amparo en la que est\u00e1n inmersos \u201cempleados o abogados de deudores fiscales muy conocidos, coment\u00f3cratas aliados al viejo sistema\u201d, incluso jueces o magistrados \u201cque se vieron afectados con la reforma judicial\u201d.<\/p>\n\n\n\n<p>Afirm\u00f3 que \u201cno se puede enga\u00f1ar a la gente diciendo que es retroactivo algo que no lo es, quiz\u00e1s deber\u00edamos ver a qu\u00e9 intereses responden quienes hoy critican esta reforma, que lo \u00fanico que busca es hacer un juicio de amparo m\u00e1s \u00e1gil, m\u00e1s cercano, m\u00e1s claro y corregir algunos excesos\u201d para el cobro de cr\u00e9ditos fiscales.<\/p>\n\n\n\n<p>Los ajustes a la ley, sostuvo, evitar\u00e1n que \u201cciertas personas utilicen una instituci\u00f3n tan noble para fines il\u00edcitos o al menos socialmente censurables\u201d.<\/p>\n\n\n\n<p>Con la reforma \u201cse evita el abuso que se estaba haciendo con suspensiones para dificultar y obstaculizar el combate a lavado de dinero\u201d.<\/p>\n\n\n\n<p>Abund\u00f3: \u201ccreo que todas y todos podemos estar de acuerdo que una instituci\u00f3n tan noble como el amparo no puede servir para defender y proteger a gente que se dedica a lavar dinero y ser parte de la delincuencia organizada\u201d.<\/p>\n\n\n\n<p>Se\u00f1al\u00f3 que a los opositores \u201cse les hace muy f\u00e1cil simplemente descalificar\u2026 mienten deliberadamente\u201d. Uno de los magistrados que critica \u201cse dedic\u00f3 a otorgar suspensiones generales, favoreciendo a empresas extranjeras en materia energ\u00e9tica, violando la ley y generando muchos da\u00f1os al pa\u00eds\u201d.<\/p>\n\n\n\n<p>Fuente: La <a href=\"https:\/\/www.jornada.com.mx\/noticia\/2025\/10\/16\/politica\/hay-campana-de-desinformacion-contra-la-reforma-a-la-ley-de-amparo-zaldivar\">Jornada<\/a> <\/p>\n","protected":false},"excerpt":{"rendered":"<p>El coordinador general de Pol\u00edtica y Gobierno de la Presidencia de la Rep\u00fablica, Arturo Zald\u00edvar, acus\u00f3 que hay una campa\u00f1a de desinformaci\u00f3n contra la reforma a la Ley de Amparo en la que est\u00e1n inmersos \u201cempleados o abogados de deudores fiscales muy conocidos, coment\u00f3cratas aliados al viejo sistema\u201d, incluso jueces o magistrados \u201cque se vieron [&hellip;]<\/p>\n","protected":false},"author":35,"featured_media":197559,"comment_status":"open","ping_status":"open","sticky":false,"template":"","format":"standard","meta":{"_monsterinsights_skip_tracking":false,"_monsterinsights_sitenote_active":false,"_monsterinsights_sitenote_note":"","_monsterinsights_sitenote_category":0,"footnotes":""},"categories":[158],"tags":[3096,2378,162],"class_list":["post-197557","post","type-post","status-publish","format-standard","has-post-thumbnail","hentry","category-politica","tag-arturo-zaldivar","tag-ley-de-amparo","tag-portada","wp-image-borders"],"amp_enabled":true,"_links":{"self":[{"href":"https:\/\/nvnoticias.mx\/index.php\/wp-json\/wp\/v2\/posts\/197557","targetHints":{"allow":["GET"]}}],"collection":[{"href":"https:\/\/nvnoticias.mx\/index.php\/wp-json\/wp\/v2\/posts"}],"about":[{"href":"https:\/\/nvnoticias.mx\/index.php\/wp-json\/wp\/v2\/types\/post"}],"author":[{"embeddable":true,"href":"https:\/\/nvnoticias.mx\/index.php\/wp-json\/wp\/v2\/users\/35"}],"replies":[{"embeddable":true,"href":"https:\/\/nvnoticias.mx\/index.php\/wp-json\/wp\/v2\/comments?post=197557"}],"version-history":[{"count":4,"href":"https:\/\/nvnoticias.mx\/index.php\/wp-json\/wp\/v2\/posts\/197557\/revisions"}],"predecessor-version":[{"id":197562,"href":"https:\/\/nvnoticias.mx\/index.php\/wp-json\/wp\/v2\/posts\/197557\/revisions\/197562"}],"wp:featuredmedia":[{"embeddable":true,"href":"https:\/\/nvnoticias.mx\/index.php\/wp-json\/wp\/v2\/media\/197559"}],"wp:attachment":[{"href":"https:\/\/nvnoticias.mx\/index.php\/wp-json\/wp\/v2\/media?parent=197557"}],"wp:term":[{"taxonomy":"category","embeddable":true,"href":"https:\/\/nvnoticias.mx\/index.php\/wp-json\/wp\/v2\/categories?post=197557"},{"taxonomy":"post_tag","embeddable":true,"href":"https:\/\/nvnoticias.mx\/index.php\/wp-json\/wp\/v2\/tags?post=197557"}],"curies":[{"name":"wp","href":"https:\/\/api.w.org\/{rel}","templated":true}]}}