{"id":197546,"date":"2025-10-16T12:20:04","date_gmt":"2025-10-16T18:20:04","guid":{"rendered":"https:\/\/nvnoticias.mx\/?p=197546"},"modified":"2025-10-16T12:20:09","modified_gmt":"2025-10-16T18:20:09","slug":"reportan-30-muertes-y-18-personas-no-localizadas-por-inundaciones-en-veracruz","status":"publish","type":"post","link":"https:\/\/nvnoticias.mx\/index.php\/2025\/10\/16\/reportan-30-muertes-y-18-personas-no-localizadas-por-inundaciones-en-veracruz\/","title":{"rendered":"Reportan 30 muertes y 18 personas no localizadas por inundaciones en Veracruz"},"content":{"rendered":"\n<p><\/p>\n\n\n\n<p><strong>Sam Ojeda \/ NV Noticias<\/strong><\/p>\n\n\n\n<p>Xalapa.- La Coordinaci\u00f3n Nacional de Protecci\u00f3n Civil (CNPC) actualiz\u00f3 el saldo de da\u00f1os provocados por las recientes lluvias en el estado de Veracruz: hasta este jueves se contabilizan 30 personas fallecidas y 18 que contin\u00faan sin ser localizadas.<\/p>\n\n\n\n<p>La titular de la dependencia, Laura Vel\u00e1zquez Alz\u00faa, inform\u00f3 desde Poza Rica que la emergencia sigue activa y que los trabajos de atenci\u00f3n se mantienen en los municipios m\u00e1s afectados, principalmente en la zona norte.<\/p>\n\n\n\n<p>\u201cEn Veracruz tenemos 40 municipios con afectaciones, lamentablemente con 30 fallecimientos y 18 personas no localizadas. La situaci\u00f3n sigue siendo atendida de manera coordinada entre autoridades federales, estatales y municipales\u201d, explic\u00f3.<\/p>\n\n\n\n<p>Vel\u00e1zquez Alz\u00faa detall\u00f3 que los efectos del temporal alcanzaron tambi\u00e9n a Puebla, Hidalgo, Quer\u00e9taro y San Luis Potos\u00ed, donde se registran distintos niveles de impacto. En total, dijo, son m\u00e1s de 100 municipios con da\u00f1os.<\/p>\n\n\n\n<p>\u201cEn Puebla hay 23 municipios afectados, con 18 personas fallecidas; en Hidalgo, 21 fallecidas y 49 no localizadas; en Quer\u00e9taro, una persona fallecida; y en San Luis Potos\u00ed no hay p\u00e9rdidas humanas reportadas\u201d, precis\u00f3.<\/p>\n\n\n\n<p>La funcionaria federal indic\u00f3 que, en el caso de Veracruz, los esfuerzos se centran en la limpieza de calles y viviendas en \u00c1lamo y Poza Rica, donde se despliegan cuadrillas de trabajadores y maquinaria para retirar lodo y escombros.<\/p>\n\n\n\n<p>\u201cLos refugios temporales est\u00e1n funcionando adecuadamente, con servicios b\u00e1sicos, alimentaci\u00f3n, agua y atenci\u00f3n m\u00e9dica. En este momento el trabajo principal es devolver condiciones seguras a las comunidades\u201d, se\u00f1al\u00f3.<\/p>\n\n\n\n<p>Aclar\u00f3 que las labores de apoyo continuar\u00e1n el tiempo que sea necesario, ya que el Gobierno Federal mantiene presencia permanente en las zonas afectadas.<\/p>\n\n\n\n<p>\u201cLa emergencia no ha terminado; nuestros equipos siguen en campo atendiendo todas las necesidades de la poblaci\u00f3n\u201d, afirm\u00f3.<\/p>\n","protected":false},"excerpt":{"rendered":"<p>Sam Ojeda \/ NV Noticias Xalapa.- La Coordinaci\u00f3n Nacional de Protecci\u00f3n Civil (CNPC) actualiz\u00f3 el saldo de da\u00f1os provocados por las recientes lluvias en el estado de Veracruz: hasta este jueves se contabilizan 30 personas fallecidas y 18 que contin\u00faan sin ser localizadas. La titular de la dependencia, Laura Vel\u00e1zquez Alz\u00faa, inform\u00f3 desde Poza Rica [&hellip;]<\/p>\n","protected":false},"author":8,"featured_media":197475,"comment_status":"open","ping_status":"open","sticky":false,"template":"","format":"standard","meta":{"_monsterinsights_skip_tracking":false,"_monsterinsights_sitenote_active":false,"_monsterinsights_sitenote_note":"","_monsterinsights_sitenote_category":0,"footnotes":""},"categories":[156],"tags":[950,1183,488],"class_list":["post-197546","post","type-post","status-publish","format-standard","has-post-thumbnail","hentry","category-estado","tag-desaparecidos","tag-inundaciones","tag-muertes","wp-image-borders"],"amp_enabled":true,"_links":{"self":[{"href":"https:\/\/nvnoticias.mx\/index.php\/wp-json\/wp\/v2\/posts\/197546","targetHints":{"allow":["GET"]}}],"collection":[{"href":"https:\/\/nvnoticias.mx\/index.php\/wp-json\/wp\/v2\/posts"}],"about":[{"href":"https:\/\/nvnoticias.mx\/index.php\/wp-json\/wp\/v2\/types\/post"}],"author":[{"embeddable":true,"href":"https:\/\/nvnoticias.mx\/index.php\/wp-json\/wp\/v2\/users\/8"}],"replies":[{"embeddable":true,"href":"https:\/\/nvnoticias.mx\/index.php\/wp-json\/wp\/v2\/comments?post=197546"}],"version-history":[{"count":2,"href":"https:\/\/nvnoticias.mx\/index.php\/wp-json\/wp\/v2\/posts\/197546\/revisions"}],"predecessor-version":[{"id":197548,"href":"https:\/\/nvnoticias.mx\/index.php\/wp-json\/wp\/v2\/posts\/197546\/revisions\/197548"}],"wp:featuredmedia":[{"embeddable":true,"href":"https:\/\/nvnoticias.mx\/index.php\/wp-json\/wp\/v2\/media\/197475"}],"wp:attachment":[{"href":"https:\/\/nvnoticias.mx\/index.php\/wp-json\/wp\/v2\/media?parent=197546"}],"wp:term":[{"taxonomy":"category","embeddable":true,"href":"https:\/\/nvnoticias.mx\/index.php\/wp-json\/wp\/v2\/categories?post=197546"},{"taxonomy":"post_tag","embeddable":true,"href":"https:\/\/nvnoticias.mx\/index.php\/wp-json\/wp\/v2\/tags?post=197546"}],"curies":[{"name":"wp","href":"https:\/\/api.w.org\/{rel}","templated":true}]}}