{"id":197253,"date":"2025-10-13T16:34:44","date_gmt":"2025-10-13T22:34:44","guid":{"rendered":"https:\/\/nvnoticias.mx\/?p=197253"},"modified":"2025-10-13T16:34:48","modified_gmt":"2025-10-13T22:34:48","slug":"cabo-verde-califica-por-primera-vez-en-su-historia-a-un-mundial-de-futbol","status":"publish","type":"post","link":"https:\/\/nvnoticias.mx\/index.php\/2025\/10\/13\/cabo-verde-califica-por-primera-vez-en-su-historia-a-un-mundial-de-futbol\/","title":{"rendered":"Cabo Verde califica por primera vez en su historia a un mundial de f\u00fatbol"},"content":{"rendered":"\n<p><\/p>\n\n\n\n<p>Cabo Verde clasific\u00f3 por primera ocasi\u00f3n a su historia a la Copa del Mundo al golear este lunes 3-0 a Esuatini, en el inicio del cierre de las eliminatorias mundialistas de la Confederaci\u00f3n Africana de Futbol.<\/p>\n\n\n\n<p>Los Criollos necesitaban ganar ante sus aficionados para mantener el control de su destino y no dejaron nada a la suerte, aunque tuvieron que sufrir m\u00e1s de lo deseado.<\/p>\n\n\n\n<p>Tras unos primeros 45 minutos del juego sin goles, la selecci\u00f3n de Cabo Verde finalmente tom\u00f3 la delantera del partido con un tanto de Dailon Livramento al 48\u2019. Seis minutos despu\u00e9s, Willy Semedo duplic\u00f3 la ventaja para la escuadra local.<\/p>\n\n\n\n<p>En tiempo a\u00f1adido, Stop\u00edra finiquit\u00f3 la goleada y sell\u00f3 el pase del pa\u00eds que tiene menos de medio mill\u00f3n de habitantes.<\/p>\n\n\n\n<p>Con su victoria, los Criollos llegaron a 23 puntos y terminaron en la cima del Grupo D de las eliminatorias mundialistas de la CAF. Los caboverdianos finalizaron cuatro unidades por encima de Camer\u00fan, el favorito a llevarse el boleto al Mundial 2026.<\/p>\n\n\n\n<p>Cabo Verde se instal\u00f3 as\u00ed en el Mundial 2026, el primero de su historia, y se uni\u00f3 a Jordania y Uzbekist\u00e1n como los pa\u00edses que debutar\u00e1n en la m\u00e1xima justa del futbol el pr\u00f3ximo a\u00f1o.<\/p>\n\n\n\n<p>Los Tiburones Azules se convirtieron en el sexto pa\u00eds africano en asegurar su pase a la Copa del Mundo 2026, luego de que ya lo hab\u00edan hecho Marruecos, T\u00fanez, Egipto, Argelia y Ghana, este \u00faltimo el domingo.<\/p>\n\n\n\n<p>Cabo Verde form\u00f3 parte de la selecci\u00f3n de Portugal hasta 1974. Un antes proclam\u00f3 su independencia de ese pa\u00eds.<\/p>\n\n\n\n<p>Su mejor resultado a nivel selecci\u00f3n lleg\u00f3 en la Copa Africana de Naciones de 2023 al finalizar en la quinta posici\u00f3n, tras ser eliminado en la fase de cuartos de final.<\/p>\n\n\n\n<p><\/p>\n\n\n\n<p><\/p>\n","protected":false},"excerpt":{"rendered":"<p>Cabo Verde clasific\u00f3 por primera ocasi\u00f3n a su historia a la Copa del Mundo al golear este lunes 3-0 a Esuatini, en el inicio del cierre de las eliminatorias mundialistas de la Confederaci\u00f3n Africana de Futbol. Los Criollos necesitaban ganar ante sus aficionados para mantener el control de su destino y no dejaron nada a [&hellip;]<\/p>\n","protected":false},"author":8,"featured_media":197254,"comment_status":"open","ping_status":"open","sticky":false,"template":"","format":"standard","meta":{"_monsterinsights_skip_tracking":false,"_monsterinsights_sitenote_active":false,"_monsterinsights_sitenote_note":"","_monsterinsights_sitenote_category":0,"footnotes":""},"categories":[159],"tags":[22308,6511,4114],"class_list":["post-197253","post","type-post","status-publish","format-standard","has-post-thumbnail","hentry","category-deportes","tag-cabo-verde","tag-clasificacion","tag-mundial-2026","wp-image-borders"],"amp_enabled":true,"_links":{"self":[{"href":"https:\/\/nvnoticias.mx\/index.php\/wp-json\/wp\/v2\/posts\/197253","targetHints":{"allow":["GET"]}}],"collection":[{"href":"https:\/\/nvnoticias.mx\/index.php\/wp-json\/wp\/v2\/posts"}],"about":[{"href":"https:\/\/nvnoticias.mx\/index.php\/wp-json\/wp\/v2\/types\/post"}],"author":[{"embeddable":true,"href":"https:\/\/nvnoticias.mx\/index.php\/wp-json\/wp\/v2\/users\/8"}],"replies":[{"embeddable":true,"href":"https:\/\/nvnoticias.mx\/index.php\/wp-json\/wp\/v2\/comments?post=197253"}],"version-history":[{"count":2,"href":"https:\/\/nvnoticias.mx\/index.php\/wp-json\/wp\/v2\/posts\/197253\/revisions"}],"predecessor-version":[{"id":197256,"href":"https:\/\/nvnoticias.mx\/index.php\/wp-json\/wp\/v2\/posts\/197253\/revisions\/197256"}],"wp:featuredmedia":[{"embeddable":true,"href":"https:\/\/nvnoticias.mx\/index.php\/wp-json\/wp\/v2\/media\/197254"}],"wp:attachment":[{"href":"https:\/\/nvnoticias.mx\/index.php\/wp-json\/wp\/v2\/media?parent=197253"}],"wp:term":[{"taxonomy":"category","embeddable":true,"href":"https:\/\/nvnoticias.mx\/index.php\/wp-json\/wp\/v2\/categories?post=197253"},{"taxonomy":"post_tag","embeddable":true,"href":"https:\/\/nvnoticias.mx\/index.php\/wp-json\/wp\/v2\/tags?post=197253"}],"curies":[{"name":"wp","href":"https:\/\/api.w.org\/{rel}","templated":true}]}}