{"id":197235,"date":"2025-10-13T15:38:49","date_gmt":"2025-10-13T21:38:49","guid":{"rendered":"https:\/\/nvnoticias.mx\/?p=197235"},"modified":"2025-10-13T15:38:52","modified_gmt":"2025-10-13T21:38:52","slug":"instala-camara-de-diputados-centro-de-acopio-para-damnificados-por-lluvias","status":"publish","type":"post","link":"https:\/\/nvnoticias.mx\/index.php\/2025\/10\/13\/instala-camara-de-diputados-centro-de-acopio-para-damnificados-por-lluvias\/","title":{"rendered":"Instala C\u00e1mara de Diputados centro de acopio para damnificados por lluvias"},"content":{"rendered":"\n<p>La C\u00e1mara de Diputados instal\u00f3 esta ma\u00f1ana un centro de acopio de alimentos, agua y art\u00edculos b\u00e1sicos para destinarlos a las personas damnificadas por las lluvias en cinco estados y Morena anticip\u00f3 que propondr\u00e1 a la presidenta, Claudia Sheinbaum, una ampliaci\u00f3n en el presupuesto de 2026 para destinarlo a gastos catastr\u00f3ficos.&nbsp;<\/p>\n\n\n\n<p>Al instalarse el centro de acopio, que permanecer\u00e1 dos semanas en la c\u00e1mara, el coordinador de la mayor\u00eda legislativa, Ricardo Monreal \u00c1vila, tambi\u00e9n llam\u00f3 a los legisladores \u201ca contribuir con una cuota para recaudar y comprar lo que m\u00e1s haga falta, lo m\u00e1s indispensable\u201d.&nbsp;<\/p>\n\n\n\n<p>Los v\u00edveres que logren captarse ser\u00e1n trasladados en coordinaci\u00f3n con la Secretar\u00eda de la Defensa Nacional a Veracruz, San Luis Potos\u00ed, Puebla, Quer\u00e9taro e Hidalgo, afectados por las lluvias de la semana pasada, dijo.<\/p>\n\n\n\n<p>Monreal \u00c1vila se refiri\u00f3 a la \u201cadmirable\u201d decisi\u00f3n de la presidenta, Claudia Sheinbaum, de presentarse el domingo en los municipios de Puebla y Veracruz y porque \u201ctom\u00f3 el control y el mando inmediatamente despu\u00e9s de suscitado este fen\u00f3meno meteorol\u00f3gico, las lluvias que en unos minutos cayeron m\u00e1s precipitaciones que en meses completos\u201d.<\/p>\n\n\n\n<p>Consider\u00f3 adem\u00e1s como \u201cuna actitud politiquera\u201d las cr\u00edticas por la desaparici\u00f3n del Fondo de Desastres Naturales el sexenio pasado y se\u00f1al\u00f3 que, para este a\u00f1o, la C\u00e1mara de Diputados aprob\u00f3 un presupuesto de 19 mil millones de pesos para atenci\u00f3n de desastres a trav\u00e9s de dos rubros en el gasto p\u00fablico.<\/p>\n\n\n\n<p>Admiti\u00f3, no obstante, que los reclamos de la poblaci\u00f3n a la Presidenta son entendibles, porque las personas perdieron no s\u00f3lo sus casas y muebles, sino a seres queridos y \u201chay que entenderlos y tolerar cualquier situaci\u00f3n. Lo importante es que la Presidenta ya tom\u00f3 el control de esos estados. Reaccion\u00f3 bien y a tiempo\u201d.<\/p>\n\n\n\n<p>Fuente: La <a href=\"https:\/\/www.jornada.com.mx\/noticia\/2025\/10\/13\/politica\/instala-camara-de-diputados-centro-de-acopio-para-damnificados-por-lluvias\">Jornada<\/a> <\/p>\n","protected":false},"excerpt":{"rendered":"<p>La C\u00e1mara de Diputados instal\u00f3 esta ma\u00f1ana un centro de acopio de alimentos, agua y art\u00edculos b\u00e1sicos para destinarlos a las personas damnificadas por las lluvias en cinco estados y Morena anticip\u00f3 que propondr\u00e1 a la presidenta, Claudia Sheinbaum, una ampliaci\u00f3n en el presupuesto de 2026 para destinarlo a gastos catastr\u00f3ficos.&nbsp; Al instalarse el centro [&hellip;]<\/p>\n","protected":false},"author":35,"featured_media":197239,"comment_status":"open","ping_status":"open","sticky":false,"template":"","format":"standard","meta":{"_monsterinsights_skip_tracking":false,"_monsterinsights_sitenote_active":false,"_monsterinsights_sitenote_note":"","_monsterinsights_sitenote_category":0,"footnotes":""},"categories":[158],"tags":[566],"class_list":["post-197235","post","type-post","status-publish","format-standard","has-post-thumbnail","hentry","category-politica","tag-diputados","wp-image-borders"],"amp_enabled":true,"_links":{"self":[{"href":"https:\/\/nvnoticias.mx\/index.php\/wp-json\/wp\/v2\/posts\/197235","targetHints":{"allow":["GET"]}}],"collection":[{"href":"https:\/\/nvnoticias.mx\/index.php\/wp-json\/wp\/v2\/posts"}],"about":[{"href":"https:\/\/nvnoticias.mx\/index.php\/wp-json\/wp\/v2\/types\/post"}],"author":[{"embeddable":true,"href":"https:\/\/nvnoticias.mx\/index.php\/wp-json\/wp\/v2\/users\/35"}],"replies":[{"embeddable":true,"href":"https:\/\/nvnoticias.mx\/index.php\/wp-json\/wp\/v2\/comments?post=197235"}],"version-history":[{"count":3,"href":"https:\/\/nvnoticias.mx\/index.php\/wp-json\/wp\/v2\/posts\/197235\/revisions"}],"predecessor-version":[{"id":197238,"href":"https:\/\/nvnoticias.mx\/index.php\/wp-json\/wp\/v2\/posts\/197235\/revisions\/197238"}],"wp:featuredmedia":[{"embeddable":true,"href":"https:\/\/nvnoticias.mx\/index.php\/wp-json\/wp\/v2\/media\/197239"}],"wp:attachment":[{"href":"https:\/\/nvnoticias.mx\/index.php\/wp-json\/wp\/v2\/media?parent=197235"}],"wp:term":[{"taxonomy":"category","embeddable":true,"href":"https:\/\/nvnoticias.mx\/index.php\/wp-json\/wp\/v2\/categories?post=197235"},{"taxonomy":"post_tag","embeddable":true,"href":"https:\/\/nvnoticias.mx\/index.php\/wp-json\/wp\/v2\/tags?post=197235"}],"curies":[{"name":"wp","href":"https:\/\/api.w.org\/{rel}","templated":true}]}}