{"id":197124,"date":"2025-10-12T18:55:14","date_gmt":"2025-10-13T00:55:14","guid":{"rendered":"https:\/\/nvnoticias.mx\/?p=197124"},"modified":"2025-10-12T18:56:19","modified_gmt":"2025-10-13T00:56:19","slug":"charlie-cox-confirma-regreso-de-jessica-jones-en-temporada-2-de-daredevil-born-again-en-disney","status":"publish","type":"post","link":"https:\/\/nvnoticias.mx\/index.php\/2025\/10\/12\/charlie-cox-confirma-regreso-de-jessica-jones-en-temporada-2-de-daredevil-born-again-en-disney\/","title":{"rendered":"Charlie Cox confirma regreso de Jessica Jones en temporada 2 de \u201cDaredevil: Born Again\u201d en Disney+"},"content":{"rendered":"\n<p>Este fin de semana durante la Comic Con de Nueva York se revelaron detalles de las nuevas series de Marvel<\/p>\n\n\n\n<p><a href=\"https:\/\/www.eluniversal.com.mx\/espectaculos\/cine\/charlie-cox-daredevil-estuvo-punto-de-ser-superman\/\" target=\"_blank\" rel=\"noreferrer noopener\"><strong>Charlie Cox<\/strong><\/a>, actor de las series \u201cThe Defenders\u201d de Netflix y \u201c<strong>Daredevil: Born Again<\/strong>\u201d de Disney+, estuvo presente en la&nbsp;<strong>Comic Con<\/strong>&nbsp;de Nueva York junto al elenco de la producci\u00f3n, donde comparti\u00f3 detalles sobre la esperada continuaci\u00f3n del&nbsp;<strong>antih\u00e9roe<\/strong>.<\/p>\n\n\n\n<p>El actor sorprendi\u00f3 a los fans al confirmar que&nbsp;<strong>Krysten Ritter<\/strong>, protagonista de la serie \u201cJessica Jones\u201d, regresar\u00e1 para la segunda temporada de Daredevil, la cual se estrenar\u00e1 en&nbsp;<strong>marzo de 2026<\/strong>.<\/p>\n\n\n\n<p>La actriz vuelve al universo de Marvel despu\u00e9s de seis a\u00f1os de ausencia, desde que su serie fue cancelada en&nbsp;<strong>2019&nbsp;<\/strong>junto con otros proyectos como \u201c<strong>The Punisher<\/strong>\u201d, \u201cIron Fist\u201d, \u201cLuke Cage\u201d, \u201c<strong>Daredevil<\/strong>\u201d y \u201cThe Defenders\u201d.<\/p>\n\n\n\n<p>Sobre su regreso al set junto a Charlie Cox,&nbsp;<strong>Krysten Ritter&nbsp;<\/strong>expres\u00f3 que la experiencia fue muy emotiva:<\/p>\n\n\n\n<p>\u201c<strong>Fue surrealista<\/strong>, pero tambi\u00e9n como si no hubiera pasado el tiempo (\u2026) Quiero much\u00edsimo a Charlie como persona. Me encanta estar con \u00e9l y actuar con \u00e9l, y&nbsp;<strong>me encanta interpretar estos personajes<\/strong>. Se sinti\u00f3 grande y festivo\u201d.<\/p>\n\n\n\n<p>En redes sociales, los fans se preguntaban desde hace tiempo si las series de Netflix se conectar\u00edan con \u201cDaredevil: Born Again\u201d, especialmente conociendo el destino de personajes como<strong>&nbsp;Jessica Jones<\/strong>. Respecto a ello, Ritter coment\u00f3:<\/p>\n\n\n\n<p>\u201cBueno, no hay mucho que pueda decir sin arruinar la historia, pero dir\u00e9 que Jessica est\u00e1 de regreso y es emocionante verla en acci\u00f3n otra vez. Se ve m\u00e1s genial que nunca\u201d.<\/p>\n\n\n\n<h3 class=\"wp-block-heading\">Filtran tr\u00e1iler de \u201cDaredevil: Born Again\u201d<\/h3>\n\n\n\n<h3 class=\"wp-block-heading\"><\/h3>\n\n\n\n<p><strong>Krysten Ritter<\/strong>, quien aparecer\u00e1 en la nueva temporada de la serie,&nbsp;<strong>filtr\u00f3&nbsp;<\/strong>a trav\u00e9s de su cuenta de Instagram unos<strong>&nbsp;segundos del nuevo tr\u00e1iler<\/strong>, donde se muestra su regreso al streaming como Jessica Jones.<\/p>\n\n\n\n<p>En el adelanto tambi\u00e9n se observa a<strong>l vigilante de Hell\u2019s Kitchen<\/strong>, Matt Murdock (<a href=\"https:\/\/www.eluniversal.com.mx\/articulo\/espectaculos\/television\/2016\/03\/18\/daredevil-hizo-famoso-charlie-cox\/\" target=\"_blank\" rel=\"noreferrer noopener\"><strong>Charlie Cox<\/strong><\/a>), siendo<strong>&nbsp;buscado por las autoridades<\/strong>, mientras Kingpin (Vincent D\u2019Onofrio) retoma su papel como villano. El tr\u00e1iler deja entrever un<strong>&nbsp;tono m\u00e1s oscuro&nbsp;<\/strong>y centrado en el desarrollo del antih\u00e9roe.<\/p>\n\n\n\n<p>Fuente: <a href=\"https:\/\/www.eluniversal.com.mx\/espectaculos\/charlie-cox-confirma-regreso-de-jessica-jones-en-temporada-2-de-daredevil-born-again-en-disney\/\">El Universal<\/a><\/p>\n\n\n\n<p><\/p>\n","protected":false},"excerpt":{"rendered":"<p>Este fin de semana durante la Comic Con de Nueva York se revelaron detalles de las nuevas series de Marvel Charlie Cox, actor de las series \u201cThe Defenders\u201d de Netflix y \u201cDaredevil: Born Again\u201d de Disney+, estuvo presente en la&nbsp;Comic Con&nbsp;de Nueva York junto al elenco de la producci\u00f3n, donde comparti\u00f3 detalles sobre la esperada [&hellip;]<\/p>\n","protected":false},"author":6,"featured_media":197125,"comment_status":"open","ping_status":"open","sticky":false,"template":"","format":"standard","meta":{"_monsterinsights_skip_tracking":false,"_monsterinsights_sitenote_active":false,"_monsterinsights_sitenote_note":"","_monsterinsights_sitenote_category":0,"footnotes":""},"categories":[576],"tags":[1699],"class_list":["post-197124","post","type-post","status-publish","format-standard","has-post-thumbnail","hentry","category-ocio","tag-serie","wp-image-borders"],"amp_enabled":true,"_links":{"self":[{"href":"https:\/\/nvnoticias.mx\/index.php\/wp-json\/wp\/v2\/posts\/197124","targetHints":{"allow":["GET"]}}],"collection":[{"href":"https:\/\/nvnoticias.mx\/index.php\/wp-json\/wp\/v2\/posts"}],"about":[{"href":"https:\/\/nvnoticias.mx\/index.php\/wp-json\/wp\/v2\/types\/post"}],"author":[{"embeddable":true,"href":"https:\/\/nvnoticias.mx\/index.php\/wp-json\/wp\/v2\/users\/6"}],"replies":[{"embeddable":true,"href":"https:\/\/nvnoticias.mx\/index.php\/wp-json\/wp\/v2\/comments?post=197124"}],"version-history":[{"count":3,"href":"https:\/\/nvnoticias.mx\/index.php\/wp-json\/wp\/v2\/posts\/197124\/revisions"}],"predecessor-version":[{"id":197129,"href":"https:\/\/nvnoticias.mx\/index.php\/wp-json\/wp\/v2\/posts\/197124\/revisions\/197129"}],"wp:featuredmedia":[{"embeddable":true,"href":"https:\/\/nvnoticias.mx\/index.php\/wp-json\/wp\/v2\/media\/197125"}],"wp:attachment":[{"href":"https:\/\/nvnoticias.mx\/index.php\/wp-json\/wp\/v2\/media?parent=197124"}],"wp:term":[{"taxonomy":"category","embeddable":true,"href":"https:\/\/nvnoticias.mx\/index.php\/wp-json\/wp\/v2\/categories?post=197124"},{"taxonomy":"post_tag","embeddable":true,"href":"https:\/\/nvnoticias.mx\/index.php\/wp-json\/wp\/v2\/tags?post=197124"}],"curies":[{"name":"wp","href":"https:\/\/api.w.org\/{rel}","templated":true}]}}