{"id":197076,"date":"2025-10-12T16:34:29","date_gmt":"2025-10-12T22:34:29","guid":{"rendered":"https:\/\/nvnoticias.mx\/?p=197076"},"modified":"2025-10-12T16:34:33","modified_gmt":"2025-10-12T22:34:33","slug":"esto-dijo-javier-aguirre-de-la-goleada-que-recibio-el-tri-ante-colombia","status":"publish","type":"post","link":"https:\/\/nvnoticias.mx\/index.php\/2025\/10\/12\/esto-dijo-javier-aguirre-de-la-goleada-que-recibio-el-tri-ante-colombia\/","title":{"rendered":"Esto dijo Javier Aguirre de la goleada que recibi\u00f3 el Tri ante Colombia"},"content":{"rendered":"\n<p>El entrenador de la selecci\u00f3n mexicana encar\u00f3 el marcador 0 &#8211; 4 que recibieron en su primer amistoso de esta fecha FIFA<\/p>\n\n\n\n<p>La&nbsp;<strong>selecci\u00f3n mexicana perdi\u00f3&nbsp;<\/strong>0 &#8211; 4 ante&nbsp;<strong>Colombia&nbsp;<\/strong>en su partido amistoso rumbo a la Copa Mundial 2026. Los dirigidos por<strong>&nbsp;Javier Aguirre<\/strong>&nbsp;mostraron inconsistencias en la cancha, por lo que los&nbsp;<em>cafeteros<\/em>&nbsp;dominaron ampliamente el duelo. La&nbsp;<strong>goleada&nbsp;<\/strong>que recibi\u00f3 el&nbsp;<em>Tri<\/em>&nbsp;oblig\u00f3 al&nbsp;<em>Vasco<\/em>&nbsp;Aguirre a analizar el planteamiento del equipo.<\/p>\n\n\n\n<p>Al t\u00e9rmino del juego, el&nbsp;<strong>director t\u00e9cnico<\/strong>&nbsp;mexicano ofreci\u00f3 una conferencia de prensa y encar\u00f3 la derrota. Lo primero que reconoci\u00f3 es que \u00e9l es el mayor responsable de este resultado es \u00e9l, pero tambi\u00e9n analiz\u00f3 la realidad que vive la selecci\u00f3n mexicana.<\/p>\n\n\n\n<p>El entrenador asumi\u00f3 la responsabilidad por el resultado al afirmar: \u201c<strong>El principal culpable soy yo y lo asumo<\/strong>\u201d. No obstante, adelant\u00f3 que hay aspectos que ser\u00e1n discutidos \u00fanicamente a lo interno del grupo, hizo \u00e9nfasis en la actitud del equipo que tomaron en la cancha.<\/p>\n\n\n\n<h2 class=\"wp-block-heading\">\u00bfQu\u00e9 dijo Javier Aguirre de la derrota de la selecci\u00f3n mexicana ante Colombia?<\/h2>\n\n\n\n<p>El&nbsp;<em>Vasco<\/em>&nbsp;Aguirre se sincer\u00f3 al respecto y&nbsp;<strong>acept\u00f3 la culpa de la goleada&nbsp;<\/strong>que recibieron ante los colombianos, pero, precis\u00f3 que tambi\u00e9n algunos jugadores no demostraron su calidad en la cancha. Aunque no mencion\u00f3 nombres, s\u00ed coment\u00f3 que algunos futbolistas no cumplieron con la exigencia del juego, as\u00ed que fue una derrota compartida.<\/p>\n\n\n\n<p>\u201c<strong>El principal culpable soy yo&nbsp;<\/strong>y lo asumo, pero hay cosas que en la interna hablar\u00e9 con algunos porque no podemos dejar de competir, a lo largo de 90 minutos<strong>&nbsp;hubo jugadores que no estuvieron a la altura<\/strong>&#8230; Lo \u00fanico que vale es el resultado, el de&nbsp;<em>hot&nbsp;<\/em>fue abrumador y no hay manera de justificarlo\u201d, precis\u00f3<\/p>\n\n\n\n<p>Respecto al resultado, Javier Aguirre se\u00f1al\u00f3 que \u201clo \u00fanico que vale es el resultado, el de hoy fue abrumador y no hay manera de justificarlo\u201d, no ocult\u00f3 la manera en la que perdi\u00f3 el&nbsp;<em>Tricolor<\/em>. El t\u00e9cnico subray\u00f3 la importancia de mantener la competitividad durante todo el partido y manifest\u00f3 su descontento ante la actuaci\u00f3n del equipo durante los 90 minutos del encuentro.<\/p>\n\n\n\n<p>En cuanto al bajo desempe\u00f1o de la selecci\u00f3n mexicana, rectific\u00f3 que \u201c<strong>e<\/strong><strong>sta es nuestra realidad hoy<\/strong>\u201c, por lo que la goleada solo evidenci\u00f3 c\u00f3mo viene el equipo y c\u00f3mo deben prepararse para el Mundial 2026.<\/p>\n\n\n\n<p>El t\u00e9cnico advirti\u00f3 que si el equipo no permanece alerta y se repiten actitudes similares a las detectadas en el partido ante&nbsp;<strong>Colombia<\/strong>, podr\u00edan volver a experimentar un resultado desfavorable, se\u00f1al\u00f3 que no puede permitirse otra sorpresa desagradable.<\/p>\n\n\n\n<p>Fuente: <a href=\"https:\/\/www.infobae.com\/mexico\/deportes\/2025\/10\/12\/esto-dijo-javier-aguirre-de-la-goleada-que-recibio-el-tri-ante-colombia\/\">Infobae<\/a><\/p>\n\n\n\n<p><\/p>\n","protected":false},"excerpt":{"rendered":"<p>El entrenador de la selecci\u00f3n mexicana encar\u00f3 el marcador 0 &#8211; 4 que recibieron en su primer amistoso de esta fecha FIFA La&nbsp;selecci\u00f3n mexicana perdi\u00f3&nbsp;0 &#8211; 4 ante&nbsp;Colombia&nbsp;en su partido amistoso rumbo a la Copa Mundial 2026. Los dirigidos por&nbsp;Javier Aguirre&nbsp;mostraron inconsistencias en la cancha, por lo que los&nbsp;cafeteros&nbsp;dominaron ampliamente el duelo. La&nbsp;goleada&nbsp;que recibi\u00f3 el&nbsp;Tri&nbsp;oblig\u00f3 [&hellip;]<\/p>\n","protected":false},"author":6,"featured_media":197077,"comment_status":"open","ping_status":"open","sticky":false,"template":"","format":"standard","meta":{"_monsterinsights_skip_tracking":false,"_monsterinsights_sitenote_active":false,"_monsterinsights_sitenote_note":"","_monsterinsights_sitenote_category":0,"footnotes":""},"categories":[159],"tags":[10039],"class_list":["post-197076","post","type-post","status-publish","format-standard","has-post-thumbnail","hentry","category-deportes","tag-javier-aguirre","wp-image-borders"],"amp_enabled":true,"_links":{"self":[{"href":"https:\/\/nvnoticias.mx\/index.php\/wp-json\/wp\/v2\/posts\/197076","targetHints":{"allow":["GET"]}}],"collection":[{"href":"https:\/\/nvnoticias.mx\/index.php\/wp-json\/wp\/v2\/posts"}],"about":[{"href":"https:\/\/nvnoticias.mx\/index.php\/wp-json\/wp\/v2\/types\/post"}],"author":[{"embeddable":true,"href":"https:\/\/nvnoticias.mx\/index.php\/wp-json\/wp\/v2\/users\/6"}],"replies":[{"embeddable":true,"href":"https:\/\/nvnoticias.mx\/index.php\/wp-json\/wp\/v2\/comments?post=197076"}],"version-history":[{"count":2,"href":"https:\/\/nvnoticias.mx\/index.php\/wp-json\/wp\/v2\/posts\/197076\/revisions"}],"predecessor-version":[{"id":197079,"href":"https:\/\/nvnoticias.mx\/index.php\/wp-json\/wp\/v2\/posts\/197076\/revisions\/197079"}],"wp:featuredmedia":[{"embeddable":true,"href":"https:\/\/nvnoticias.mx\/index.php\/wp-json\/wp\/v2\/media\/197077"}],"wp:attachment":[{"href":"https:\/\/nvnoticias.mx\/index.php\/wp-json\/wp\/v2\/media?parent=197076"}],"wp:term":[{"taxonomy":"category","embeddable":true,"href":"https:\/\/nvnoticias.mx\/index.php\/wp-json\/wp\/v2\/categories?post=197076"},{"taxonomy":"post_tag","embeddable":true,"href":"https:\/\/nvnoticias.mx\/index.php\/wp-json\/wp\/v2\/tags?post=197076"}],"curies":[{"name":"wp","href":"https:\/\/api.w.org\/{rel}","templated":true}]}}