{"id":19673,"date":"2021-07-28T11:52:46","date_gmt":"2021-07-28T16:52:46","guid":{"rendered":"https:\/\/nvnoticias.mx\/?p=19673"},"modified":"2021-07-28T11:52:47","modified_gmt":"2021-07-28T16:52:47","slug":"legislar-sobre-causas-justas","status":"publish","type":"post","link":"https:\/\/nvnoticias.mx\/index.php\/2021\/07\/28\/legislar-sobre-causas-justas\/","title":{"rendered":"Legislar sobre causas justas"},"content":{"rendered":"\n<p class=\"has-text-align-right\"><strong>Por: M\u00f3nica Mendoza Madrigal<\/strong><\/p>\n\n\n\n<blockquote class=\"wp-block-quote has-text-align-center is-layout-flow wp-block-quote-is-layout-flow\"><p>A la memoria de<\/p><p>Norma Riego<\/p><\/blockquote>\n\n\n\n<p>\u201cCastigar el aborto es una acci\u00f3n que atenta en contra de la salud de las personas y contra las clases de escasos recursos\u201d. Esto lo dijo Ofelia Dom\u00ednguez Navarro en 1936 al presentar la ponencia titulada \u201cAborto por causas sociales y econ\u00f3micas\u201d como parte de la Convenci\u00f3n de Unificaci\u00f3n del C\u00f3digo Penal.<\/p>\n\n\n\n<p>Esta referencia da cuenta de que la b\u00fasqueda por reivindicar el derecho de las mujeres a decidir sobre su cuerpo cumple un siglo, luego de que desde 1871 el aborto es considerado un delito, siendo que el art\u00edculo 571 del C\u00f3digo Penal de ese a\u00f1o penalizaba el aborto consumado, exceptuando de sanci\u00f3n desde entonces al aborto por violaci\u00f3n.<\/p>\n\n\n\n<p>Esta es una pr\u00e1ctica milenaria que ha sido poco documentada. Si acaso hay datos que revelan que durante la Colonia exist\u00eda un Departamento de partos ocultos al cual eran canalizadas las mujeres espa\u00f1olas que conceb\u00edan hijos fuera del matrimonio y que entregaban a sus hijos a la Iglesia, lo que evidencia que desde siempre el aborto ha sido un privilegio de clase, pues para las mujeres ind\u00edgenas y pobres las costumbres ancestrales dan cuenta de todo tipo de procedimientos destinados a interrumpir los embarazos no deseados que van desde la toma de infusiones hasta la introducci\u00f3n de dispositivos por el \u00fatero que desprend\u00edan el feto, desgarrando a las mujeres por dentro hasta provocarles la muerte, pr\u00e1cticas que siguen siendo realizadas en algunos contextos.<\/p>\n\n\n\n<p>Fue hasta la \u201cRevoluci\u00f3n Sexual\u201d y gracias al empuje de la tercera ola feminista en M\u00e9xico que estos afanes reivindicativos cobraron de nuevo fuerza. En los a\u00f1os 70 la discusi\u00f3n se coloc\u00f3 al centro de la mesa gracias al ejercicio de la sexualidad libre de las juventudes de entonces, que hicieron realidad el concepto de \u201cmaternidad voluntaria\u201d, proceso al que se sumaron las pol\u00edticas p\u00fablicas de salud y poblaci\u00f3n que buscaban disminuir la tasa de natalidad asociada a la explosi\u00f3n demogr\u00e1fica, por lo que impulsaron una estrategia que vino acompa\u00f1ada de aquella campa\u00f1a cuyo eslogan era \u201cla familia peque\u00f1a vive mejor\u201d.<\/p>\n\n\n\n<p>Momentos de excepcional relevancia en ese largo camino fueron la Primera Jornada Nacional sobre Aborto de 1976, el Proyecto de Ley de Maternidad Voluntaria de 1979, la fundaci\u00f3n del Frente Nacional por la Maternidad Voluntaria y la Despenalizaci\u00f3n del Aborto de 1991, y la campa\u00f1a de Acceso a la Justicia para las Mujeres de 1998.<\/p>\n\n\n\n<p>Lo cierto es que el cuerpo de las mujeres ha sido desde tiempos inmemoriales territorio de la dominaci\u00f3n patriarcal. Lo ha sido as\u00ed desde la visi\u00f3n judeo-cristiana que cuenta que fue una mujer la que tent\u00f3 a Ad\u00e1n vinculando al pecado con la carne. Pero lo ha sido tambi\u00e9n a trav\u00e9s del recurso de borrarnos de la historia como no-protagonistas de los aconteceres, conden\u00e1ndonos al desempe\u00f1o de un rol ornamental que durante siglos ha sido reforzado. <\/p>\n\n\n\n<p>Luego vino la visi\u00f3n del liberalismo que nos confin\u00f3 a la vida privada, ocupadas en forma exclusiva de lo dom\u00e9stico y del cuidado familiar. Todo \u00e9ste ha sido un largo camino en el que fuimos despose\u00eddas de todos los derechos, por los que hemos tenido que ir luchando para conquistarlos uno a uno.<\/p>\n\n\n\n<p>Hoy que ya podemos estudiar lo que queremos, que ya podemos tener propiedades a nuestro nombre, que ya podemos votar y ser votadas, que ya podemos ir a la luna\u2026a\u00fan se nos niega nuestro leg\u00edtimo derecho a decidir sobre nuestro cuerpo.<\/p>\n\n\n\n<p>El hecho que cambi\u00f3 la discusi\u00f3n p\u00fablica sobre el aborto fue el caso de Paulina, una ni\u00f1a de 13 a\u00f1os v\u00edctima de abuso sexual en el a\u00f1o 2000 y que solicit\u00f3 \u2013junto con su madre\u2013 autorizaci\u00f3n para interrumpir su embarazo. Paulina fue obligada a llevarlo a t\u00e9rmino y acab\u00f3 siendo, en contra de su voluntad, una madre-ni\u00f1a obligada a vivir una vida que no era la suya.<\/p>\n\n\n\n<p>El caso de Paulina deriv\u00f3 en la \u201cLey Robles\u201d, que permit\u00eda el aborto en el entonces Distrito Federal ante tres causales, antecedente que permiti\u00f3 que en 2007 la Asamblea Legislativa despenalizara el aborto para las primeras 12 semanas de gestaci\u00f3n.<\/p>\n\n\n\n<p>Desde entonces, para las mujeres que quieren practicarse un aborto con condiciones sanitarias \u00f3ptimas y que pueden pagarlo, viajar a la Ciudad de M\u00e9xico es la ruta m\u00e1s segura. Tan solo en 2020 el portal de Datos Abiertos del gobierno de la ciudad registr\u00f3 que se efectuaron ocho mil 784 procedimientos, mismos que son 42.37 por ciento menos de los que tuvieron lugar en 2019, presuntamente por la covid-19.<\/p>\n\n\n\n<p>En Veracruz, el camino hacia la despenalizaci\u00f3n ha estado tambi\u00e9n lleno de escollos. La aprobaci\u00f3n de la despenalizaci\u00f3n en la Ciudad de M\u00e9xico abri\u00f3 el debate para una reforma en las entidades federativas, lo que provoc\u00f3 que el \u201clobby\u201d antiderechos comenzara a ejercer presi\u00f3n al m\u00e1s alto nivel, desde el p\u00falpito de las Iglesias y a trav\u00e9s del poder\u00edo econ\u00f3mico y pol\u00edtico de sus miembros, para evitar a toda costa que esta discusi\u00f3n ocupara espacio en la agenda legislativa de nuestra entidad.<\/p>\n\n\n\n<p>Es justo reconocer la iniciativa para despenalizar que presentara en la LIX Legislatura la perredista Yazm\u00edn Copete. O la defensa p\u00fablica y en tribuna realizada en torno al tema por parte de la finada perredista Margarita Guillaum\u00edn y de la priista Dalia P\u00e9rez, ambas diputadas integrantes de la LXI Legislatura. Y la Iniciativa presentada por la legisladora morenista Tanya Carola Viveros, antecesoras en el impulso de este derecho y pertenecientes todas a Congresos en su mayor\u00eda masculinos, en donde las suyas eran voces minoritarias que no contaron con el respaldo ni de sus bancadas ni del resto de quienes integraban el Poder Legislativo.<\/p>\n\n\n\n<p>La historia progresista de Veracruz tiene un antes y un despu\u00e9s a 2016, a\u00f1o en el que el entonces gobernador Javier Duarte impuls\u00f3 la reforma al art\u00edculo 4\u00ba de la Constituci\u00f3n veracruzana, en la cual se promueve la \u201cdefensa de la vida desde la concepci\u00f3n\u201d, aprobaci\u00f3n corporativa que provoc\u00f3 el rechazo p\u00fablico y en tribuna de las entonces diputadas M\u00f3nica Robles y Ana Mar\u00eda Condado, pero adem\u00e1s el se\u00f1alamiento de ser regresiva y revictimizante por parte de organismos no gubernamentales y de la propia ONU.<\/p>\n\n\n\n<p>La acci\u00f3n de inconstitucionalidad interpuesta por ello ante la Suprema Corte de Justicia, m\u00e1s otros recursos jur\u00eddicos que desde entonces fueron presentados para evidenciar lo regresivo de esa medida, dan cuenta de la larga lucha que se ha emprendido por parte de organizaciones de la sociedad civil, que a ra\u00edz de ello solicitaron ante la Comisi\u00f3n Nacional para Prevenir y Erradicar la Violencia contra las Mujeres (CONAVIM) la declaratoria de una Alerta de Violencia de G\u00e9nero por Agravio Comparado por la restricci\u00f3n al derecho a la salud y la limitaci\u00f3n a los derechos sexuales y reproductivos por parte del Estado veracruzano a las mujeres de esta entidad.<\/p>\n\n\n\n<p>Esta batalla ha estado acompa\u00f1ada en cada momento por el Grupo de Informaci\u00f3n en Reproducci\u00f3n Elegida (GIRE), la Fundaci\u00f3n Mexicana para la Planificaci\u00f3n Familiar (MEXFAM), el Observatorio Ciudadano Nacional del Feminicidio, Cat\u00f3licas por el Derecho a Decidir, Justicia Derechos Humanos y G\u00e9nero y las organizaciones feministas estatales y activistas que estamos integradas en el Frente Veracruzano por la Vida y los Derechos de las Mujeres, sin los cuales hubiera sido imposible obtener un resultado favorable.<\/p>\n\n\n\n<p>La reciente aprobaci\u00f3n de la reforma al C\u00f3digo Penal que despenaliza el aborto en las primeras 12 semanas de embarazo y que introduce la causal salud y que considera una sanci\u00f3n para el aborto inducido, hace que Veracruz se convierta en el cuarto estado del pa\u00eds en legislar en la materia y con ello permite que la LXV Legislatura no incurra en la omisi\u00f3n en la que s\u00ed incurri\u00f3 su antecesora, en la que la doble agenda moral de quienes eran mayor\u00eda, bloque\u00f3 el cumplimiento del mandato legal de realizar esta reforma.<\/p>\n\n\n\n<p>El que la diputada M\u00f3nica Robles haya presentado la Iniciativa de reforma la semana pasada, supongo que fue un riesgo dif\u00edcil de asumir luego de la persecuci\u00f3n, amenazas y agresiones a que se expuso cuando el a\u00f1o pasado impuls\u00f3 la reforma al C\u00f3digo Civil que inclu\u00eda, entre otros temas, el matrimonio igualitario, lo que devino en ataques cometidos por los grupos anti derechos que operan con total belicosidad y agresividad. Pero colocado en la balanza, pesa m\u00e1s la justicia social, la aut\u00e9ntica defensa de los derechos de las mujeres y la responsabilidad por atender un problema p\u00fablico que ya no admite dilaciones.<\/p>\n\n\n\n<p>Celebro el valor, el coraje y la congruencia de quienes finalmente decidieron apoyar una iniciativa que no corresponde con la agenda pol\u00edtica de ning\u00fan partido, pues se trata de un acto de justicia social. Partidizar la postura de cada legislador o legisladora en temas de derechos es un absoluto error de c\u00e1lculo pol\u00edtico y es una incongruencia social.<\/p>\n\n\n\n<p>Lo sabemos las activistas que hemos acompa\u00f1ado este largo andar pese a tambi\u00e9n haber sido violentadas, incluso institucionalmente, por asumirnos defensoras del derecho a decidir. Lo saben las mujeres veracruzanas que han callado sus abortos por miedo al rechazo. Lo saben las y los m\u00e9dicos que han visto en sus quir\u00f3fanos a ni\u00f1as ser madres. Y lo sabe Diana Patricia, que mientras hay quienes banalizan la discusi\u00f3n planteando la pregunta de \u00bfest\u00e1s a favor o en contra?, ella est\u00e1 encarcelada, dado que por la brutal golpiza que su marido le propin\u00f3, tuvo un aborto espont\u00e1neo a los seis meses de gestaci\u00f3n y hoy \u00e9l est\u00e1 libre y ella permanece privada de su libertad.<\/p>\n\n\n\n<p>No puede ser pro vida nadie que desde sus condiciones de privilegio, pretende acotar los derechos de otra persona. Son antiderechos. Llam\u00e9mosles por su nombre.<\/p>\n\n\n\n<p class=\"has-text-align-right\"><strong>@MonicaMendozaM<\/strong><\/p>\n","protected":false},"excerpt":{"rendered":"<p>Por: M\u00f3nica Mendoza Madrigal A la memoria de Norma Riego \u201cCastigar el aborto es una acci\u00f3n que atenta en contra de la salud de las personas y contra las clases de escasos recursos\u201d. Esto lo dijo Ofelia Dom\u00ednguez Navarro en 1936 al presentar la ponencia titulada \u201cAborto por causas sociales y econ\u00f3micas\u201d como parte de [&hellip;]<\/p>\n","protected":false},"author":34,"featured_media":838,"comment_status":"open","ping_status":"open","sticky":false,"template":"","format":"standard","meta":{"_monsterinsights_skip_tracking":false,"_monsterinsights_sitenote_active":false,"_monsterinsights_sitenote_note":"","_monsterinsights_sitenote_category":0,"footnotes":""},"categories":[1031],"tags":[1033],"class_list":["post-19673","post","type-post","status-publish","format-standard","has-post-thumbnail","hentry","category-laagendadelasmujeres","tag-monica-mendoza-madrigal","wp-image-borders"],"amp_enabled":true,"_links":{"self":[{"href":"https:\/\/nvnoticias.mx\/index.php\/wp-json\/wp\/v2\/posts\/19673","targetHints":{"allow":["GET"]}}],"collection":[{"href":"https:\/\/nvnoticias.mx\/index.php\/wp-json\/wp\/v2\/posts"}],"about":[{"href":"https:\/\/nvnoticias.mx\/index.php\/wp-json\/wp\/v2\/types\/post"}],"author":[{"embeddable":true,"href":"https:\/\/nvnoticias.mx\/index.php\/wp-json\/wp\/v2\/users\/34"}],"replies":[{"embeddable":true,"href":"https:\/\/nvnoticias.mx\/index.php\/wp-json\/wp\/v2\/comments?post=19673"}],"version-history":[{"count":1,"href":"https:\/\/nvnoticias.mx\/index.php\/wp-json\/wp\/v2\/posts\/19673\/revisions"}],"predecessor-version":[{"id":19683,"href":"https:\/\/nvnoticias.mx\/index.php\/wp-json\/wp\/v2\/posts\/19673\/revisions\/19683"}],"wp:featuredmedia":[{"embeddable":true,"href":"https:\/\/nvnoticias.mx\/index.php\/wp-json\/wp\/v2\/media\/838"}],"wp:attachment":[{"href":"https:\/\/nvnoticias.mx\/index.php\/wp-json\/wp\/v2\/media?parent=19673"}],"wp:term":[{"taxonomy":"category","embeddable":true,"href":"https:\/\/nvnoticias.mx\/index.php\/wp-json\/wp\/v2\/categories?post=19673"},{"taxonomy":"post_tag","embeddable":true,"href":"https:\/\/nvnoticias.mx\/index.php\/wp-json\/wp\/v2\/tags?post=19673"}],"curies":[{"name":"wp","href":"https:\/\/api.w.org\/{rel}","templated":true}]}}