{"id":196720,"date":"2025-10-09T10:54:21","date_gmt":"2025-10-09T16:54:21","guid":{"rendered":"https:\/\/nvnoticias.mx\/?p=196720"},"modified":"2025-10-09T10:54:24","modified_gmt":"2025-10-09T16:54:24","slug":"destituyen-al-director-del-hospital-luis-f-nachon","status":"publish","type":"post","link":"https:\/\/nvnoticias.mx\/index.php\/2025\/10\/09\/destituyen-al-director-del-hospital-luis-f-nachon\/","title":{"rendered":"Destituyen al director del Hospital \u201cLuis F. Nach\u00f3n\u201d"},"content":{"rendered":"\n<p><\/p>\n\n\n\n<p><strong>Sam Ojeda \/ NV Noticias<\/strong><\/p>\n\n\n\n<p>Xalapa.- El titular del Hospital Regional \u201cDoctor Luis F. Nach\u00f3n\u201d, Antonio V\u00e1zquez Garc\u00eda, fue separado del cargo tras un proceso de di\u00e1logo entre representantes sindicales y autoridades de la Secretar\u00eda de Salud de Veracruz, luego de varios d\u00edas de inconformidad laboral dentro del nosocomio.<\/p>\n\n\n\n<p>La Direcci\u00f3n General de los Servicios de Salud confirm\u00f3 la decisi\u00f3n, que responde a una de las principales exigencias de la Secci\u00f3n 26 del Sindicato Nacional de Trabajadores de la Secretar\u00eda de Salud (SNTSS), organizaci\u00f3n que encabez\u00f3 protestas simult\u00e1neas en distintos hospitales de la entidad.<\/p>\n\n\n\n<p>De acuerdo con fuentes sindicales, el cambio en la direcci\u00f3n no ser\u00e1 inmediato, ya que antes deber\u00e1 realizarse el proceso formal de entrega-recepci\u00f3n para garantizar la continuidad de los servicios hospitalarios.<\/p>\n\n\n\n<p>Con la destituci\u00f3n, las autoridades estatales atendieron uno de los puntos centrales del pliego petitorio presentado por los trabajadores, quienes el pasado martes se manifestaron en el Hospital Regional de Xalapa, el Centro de Alta Especialidad (CAE) y otras unidades m\u00e9dicas de Poza Rica, Mart\u00ednez de la Torre, C\u00f3rdoba y Orizaba.<\/p>\n\n\n\n<p>Hasta el momento, no se ha designado a la persona que asumir\u00e1 la direcci\u00f3n del \u201cLuis F. Nach\u00f3n\u201d, aunque se espera que el relevo sea anunciado en los pr\u00f3ximos d\u00edas por la Secretar\u00eda de Salud.<\/p>\n\n\n\n<p>Mientras tanto, las funciones administrativas y operativas del hospital quedaron bajo la responsabilidad de la subdirectora m\u00e9dica, Patricia L\u00f3pez Pretellin, quien permanecer\u00e1 al frente de manera temporal.<\/p>\n\n\n\n<p>El movimiento sindical, que exig\u00eda la salida de V\u00e1zquez Garc\u00eda, denunci\u00f3 presuntos problemas de gesti\u00f3n y falta de atenci\u00f3n a las demandas laborales, as\u00ed como deficiencias en el abasto de insumos y en las condiciones laborales del personal.<\/p>\n\n\n\n<p>Con esta medida, la Secretar\u00eda de Salud busca restablecer el di\u00e1logo con el personal del hospital y evitar nuevas protestas, luego de varios d\u00edas de tensi\u00f3n y reclamos en distintos puntos del sistema estatal de salud<br><\/p>\n","protected":false},"excerpt":{"rendered":"<p>Sam Ojeda \/ NV Noticias Xalapa.- El titular del Hospital Regional \u201cDoctor Luis F. Nach\u00f3n\u201d, Antonio V\u00e1zquez Garc\u00eda, fue separado del cargo tras un proceso de di\u00e1logo entre representantes sindicales y autoridades de la Secretar\u00eda de Salud de Veracruz, luego de varios d\u00edas de inconformidad laboral dentro del nosocomio. La Direcci\u00f3n General de los Servicios [&hellip;]<\/p>\n","protected":false},"author":8,"featured_media":196725,"comment_status":"open","ping_status":"open","sticky":false,"template":"","format":"standard","meta":{"_monsterinsights_skip_tracking":false,"_monsterinsights_sitenote_active":false,"_monsterinsights_sitenote_note":"","_monsterinsights_sitenote_category":0,"footnotes":""},"categories":[156],"tags":[2408,7046,24125],"class_list":["post-196720","post","type-post","status-publish","format-standard","has-post-thumbnail","hentry","category-estado","tag-destitucion","tag-director","tag-hospital-civil-luis-f-nachon","wp-image-borders"],"amp_enabled":true,"_links":{"self":[{"href":"https:\/\/nvnoticias.mx\/index.php\/wp-json\/wp\/v2\/posts\/196720","targetHints":{"allow":["GET"]}}],"collection":[{"href":"https:\/\/nvnoticias.mx\/index.php\/wp-json\/wp\/v2\/posts"}],"about":[{"href":"https:\/\/nvnoticias.mx\/index.php\/wp-json\/wp\/v2\/types\/post"}],"author":[{"embeddable":true,"href":"https:\/\/nvnoticias.mx\/index.php\/wp-json\/wp\/v2\/users\/8"}],"replies":[{"embeddable":true,"href":"https:\/\/nvnoticias.mx\/index.php\/wp-json\/wp\/v2\/comments?post=196720"}],"version-history":[{"count":1,"href":"https:\/\/nvnoticias.mx\/index.php\/wp-json\/wp\/v2\/posts\/196720\/revisions"}],"predecessor-version":[{"id":196726,"href":"https:\/\/nvnoticias.mx\/index.php\/wp-json\/wp\/v2\/posts\/196720\/revisions\/196726"}],"wp:featuredmedia":[{"embeddable":true,"href":"https:\/\/nvnoticias.mx\/index.php\/wp-json\/wp\/v2\/media\/196725"}],"wp:attachment":[{"href":"https:\/\/nvnoticias.mx\/index.php\/wp-json\/wp\/v2\/media?parent=196720"}],"wp:term":[{"taxonomy":"category","embeddable":true,"href":"https:\/\/nvnoticias.mx\/index.php\/wp-json\/wp\/v2\/categories?post=196720"},{"taxonomy":"post_tag","embeddable":true,"href":"https:\/\/nvnoticias.mx\/index.php\/wp-json\/wp\/v2\/tags?post=196720"}],"curies":[{"name":"wp","href":"https:\/\/api.w.org\/{rel}","templated":true}]}}