{"id":196380,"date":"2025-10-06T14:37:31","date_gmt":"2025-10-06T20:37:31","guid":{"rendered":"https:\/\/nvnoticias.mx\/?p=196380"},"modified":"2025-10-06T14:37:34","modified_gmt":"2025-10-06T20:37:34","slug":"minimiza-sheinbaum-inconformidad-de-monreal-por-acomodo-de-lugares-en-informe-del-zocalo","status":"publish","type":"post","link":"https:\/\/nvnoticias.mx\/index.php\/2025\/10\/06\/minimiza-sheinbaum-inconformidad-de-monreal-por-acomodo-de-lugares-en-informe-del-zocalo\/","title":{"rendered":"Minimiza Sheinbaum inconformidad de Monreal por acomodo de lugares en informe del Z\u00f3calo"},"content":{"rendered":"\n<p>Ante la inconformidad expresada por el coordinador de los diputados de Morena, Ricardo Monreal, sobre el corral en el que se les coloc\u00f3 durante el informe que present\u00f3 ayer domingo, la presidenta Claudia Sheinbaum minimiz\u00f3 el hecho: \u201cson chismes no tiene nada de malo de c\u00f3mo se acomoda la gente\u201d.<\/p>\n\n\n\n<p>Por otro lado, coment\u00f3 que ayer no tuvo espacio para hablar con la gobernadora de Chihuahua, Mar\u00eda Eugenia Campos, por el fallecimiento de su esposo, V\u00edctor Cruz Russek. Sin embargo, dijo que hoy la buscar\u00e1 para expresarle su p\u00e9same.<\/p>\n\n\n\n<p>Fuente: La <a href=\"https:\/\/www.jornada.com.mx\/noticia\/2025\/10\/06\/politica\/minimiza-sheinbaum-inconformidad-de-monreal-por-acomodo-de-lugares-en-informe-del-zocalo\">Jornada<\/a><\/p>\n\n\n\n<p><\/p>\n\n\n\n<p><\/p>\n","protected":false},"excerpt":{"rendered":"<p>Ante la inconformidad expresada por el coordinador de los diputados de Morena, Ricardo Monreal, sobre el corral en el que se les coloc\u00f3 durante el informe que present\u00f3 ayer domingo, la presidenta Claudia Sheinbaum minimiz\u00f3 el hecho: \u201cson chismes no tiene nada de malo de c\u00f3mo se acomoda la gente\u201d. Por otro lado, coment\u00f3 que [&hellip;]<\/p>\n","protected":false},"author":35,"featured_media":196383,"comment_status":"open","ping_status":"open","sticky":false,"template":"","format":"standard","meta":{"_monsterinsights_skip_tracking":false,"_monsterinsights_sitenote_active":false,"_monsterinsights_sitenote_note":"","_monsterinsights_sitenote_category":0,"footnotes":""},"categories":[158],"tags":[2801,600],"class_list":["post-196380","post","type-post","status-publish","format-standard","has-post-thumbnail","hentry","category-politica","tag-claudia-sheinbaum","tag-ricardo-monreal","wp-image-borders"],"amp_enabled":true,"_links":{"self":[{"href":"https:\/\/nvnoticias.mx\/index.php\/wp-json\/wp\/v2\/posts\/196380","targetHints":{"allow":["GET"]}}],"collection":[{"href":"https:\/\/nvnoticias.mx\/index.php\/wp-json\/wp\/v2\/posts"}],"about":[{"href":"https:\/\/nvnoticias.mx\/index.php\/wp-json\/wp\/v2\/types\/post"}],"author":[{"embeddable":true,"href":"https:\/\/nvnoticias.mx\/index.php\/wp-json\/wp\/v2\/users\/35"}],"replies":[{"embeddable":true,"href":"https:\/\/nvnoticias.mx\/index.php\/wp-json\/wp\/v2\/comments?post=196380"}],"version-history":[{"count":3,"href":"https:\/\/nvnoticias.mx\/index.php\/wp-json\/wp\/v2\/posts\/196380\/revisions"}],"predecessor-version":[{"id":196384,"href":"https:\/\/nvnoticias.mx\/index.php\/wp-json\/wp\/v2\/posts\/196380\/revisions\/196384"}],"wp:featuredmedia":[{"embeddable":true,"href":"https:\/\/nvnoticias.mx\/index.php\/wp-json\/wp\/v2\/media\/196383"}],"wp:attachment":[{"href":"https:\/\/nvnoticias.mx\/index.php\/wp-json\/wp\/v2\/media?parent=196380"}],"wp:term":[{"taxonomy":"category","embeddable":true,"href":"https:\/\/nvnoticias.mx\/index.php\/wp-json\/wp\/v2\/categories?post=196380"},{"taxonomy":"post_tag","embeddable":true,"href":"https:\/\/nvnoticias.mx\/index.php\/wp-json\/wp\/v2\/tags?post=196380"}],"curies":[{"name":"wp","href":"https:\/\/api.w.org\/{rel}","templated":true}]}}