{"id":196131,"date":"2025-10-03T18:00:00","date_gmt":"2025-10-04T00:00:00","guid":{"rendered":"https:\/\/nvnoticias.mx\/?p=196131"},"modified":"2025-10-03T23:38:12","modified_gmt":"2025-10-04T05:38:12","slug":"fallece-eduardo-antonio-dos-santos-edu-manga-a-los-58-anos","status":"publish","type":"post","link":"https:\/\/nvnoticias.mx\/index.php\/2025\/10\/03\/fallece-eduardo-antonio-dos-santos-edu-manga-a-los-58-anos\/","title":{"rendered":"Fallece Eduardo Antonio Dos Santos, \u201cEd\u00fa Manga,\u201d a los 58 a\u00f1os"},"content":{"rendered":"\n<p><\/p>\n\n\n\n<p>Eduardo Antonio dos Santos, mejor conocido como Ed\u00fa, falleci\u00f3 a los 58 a\u00f1os. As\u00ed lo dio a conocer el Palmeiras de Brasil, club donde jug\u00f3 entre 1985 y 1989 y que fue figura en el Am\u00e9rica a finales de los 80 y principios de los 90.<\/p>\n\n\n\n<p>A trav\u00e9s de una publicaci\u00f3n en X el club brasile\u00f1o dej\u00f3 un mensaje que se lee \u201cCon profunda tristeza recibimos la noticia del fallecimiento a los 58 a\u00f1os de Eduardo Antonio dos Santos, Ed\u00fa Manga, \u00eddolo de la afici\u00f3n del Palmeiras en la d\u00e9cada de los 80\u2019s. Formado en las categor\u00edas inferiores del club, en el que jug\u00f3 profesionalmente, el futbolista marc\u00f3 44 goles en 188 partidos vistiendo la camiseta verde y blanca y acumul\u00f3 varias convocatorias a la Selecci\u00f3n Brasile\u00f1a\u201d.<\/p>\n\n\n\n<p>El futbolista dej\u00f3 huella en el Am\u00e9rica. No gan\u00f3 t\u00edtulos, pero s\u00ed el reconocimiento de la afici\u00f3n por su talento y entrega en la cancha, la cual fue dirigida por el t\u00e9cnico Jorge Vieira en las \u00c1guilas.<\/p>\n\n\n\n<p>Ed\u00fa Manga tambi\u00e9n es recordado  en el Am\u00e9rica por la ic\u00f3nica jugada de rabona en un cl\u00e1sico con Chivas en donde sirvi\u00f3 un centro de rabona por la derecha para un golazo que concret\u00f3 Toninho en el cl\u00e1sico nacional de liguilla en 1991.<\/p>\n\n\n\n<p>El brasile\u00f1o se integr\u00f3 al equipo mexicano en 1989 y visti\u00f3 los colores hasta 1992.<\/p>\n\n\n\n<p>Ante el fallecimiento, el Club Am\u00e9rica tambi\u00e9n mostr\u00f3 sus condolencias por el fallecimiento del exjugador.<\/p>\n","protected":false},"excerpt":{"rendered":"<p>Eduardo Antonio dos Santos, mejor conocido como Ed\u00fa, falleci\u00f3 a los 58 a\u00f1os. As\u00ed lo dio a conocer el Palmeiras de Brasil, club donde jug\u00f3 entre 1985 y 1989 y que fue figura en el Am\u00e9rica a finales de los 80 y principios de los 90. A trav\u00e9s de una publicaci\u00f3n en X el club [&hellip;]<\/p>\n","protected":false},"author":8,"featured_media":196137,"comment_status":"open","ping_status":"open","sticky":false,"template":"","format":"standard","meta":{"_monsterinsights_skip_tracking":false,"_monsterinsights_sitenote_active":false,"_monsterinsights_sitenote_note":"","_monsterinsights_sitenote_category":0,"footnotes":""},"categories":[159],"tags":[32413,751],"class_list":["post-196131","post","type-post","status-publish","format-standard","has-post-thumbnail","hentry","category-deportes","tag-edu-manga","tag-fallecimiento","wp-image-borders"],"amp_enabled":true,"_links":{"self":[{"href":"https:\/\/nvnoticias.mx\/index.php\/wp-json\/wp\/v2\/posts\/196131","targetHints":{"allow":["GET"]}}],"collection":[{"href":"https:\/\/nvnoticias.mx\/index.php\/wp-json\/wp\/v2\/posts"}],"about":[{"href":"https:\/\/nvnoticias.mx\/index.php\/wp-json\/wp\/v2\/types\/post"}],"author":[{"embeddable":true,"href":"https:\/\/nvnoticias.mx\/index.php\/wp-json\/wp\/v2\/users\/8"}],"replies":[{"embeddable":true,"href":"https:\/\/nvnoticias.mx\/index.php\/wp-json\/wp\/v2\/comments?post=196131"}],"version-history":[{"count":5,"href":"https:\/\/nvnoticias.mx\/index.php\/wp-json\/wp\/v2\/posts\/196131\/revisions"}],"predecessor-version":[{"id":196136,"href":"https:\/\/nvnoticias.mx\/index.php\/wp-json\/wp\/v2\/posts\/196131\/revisions\/196136"}],"wp:featuredmedia":[{"embeddable":true,"href":"https:\/\/nvnoticias.mx\/index.php\/wp-json\/wp\/v2\/media\/196137"}],"wp:attachment":[{"href":"https:\/\/nvnoticias.mx\/index.php\/wp-json\/wp\/v2\/media?parent=196131"}],"wp:term":[{"taxonomy":"category","embeddable":true,"href":"https:\/\/nvnoticias.mx\/index.php\/wp-json\/wp\/v2\/categories?post=196131"},{"taxonomy":"post_tag","embeddable":true,"href":"https:\/\/nvnoticias.mx\/index.php\/wp-json\/wp\/v2\/tags?post=196131"}],"curies":[{"name":"wp","href":"https:\/\/api.w.org\/{rel}","templated":true}]}}