{"id":195583,"date":"2025-09-29T13:04:29","date_gmt":"2025-09-29T19:04:29","guid":{"rendered":"https:\/\/nvnoticias.mx\/?p=195583"},"modified":"2025-09-29T13:04:33","modified_gmt":"2025-09-29T19:04:33","slug":"todos-los-gobiernos-salvo-eu-comprometidos-con-mitigar-cambio-climatico-barcena","status":"publish","type":"post","link":"https:\/\/nvnoticias.mx\/index.php\/2025\/09\/29\/todos-los-gobiernos-salvo-eu-comprometidos-con-mitigar-cambio-climatico-barcena\/","title":{"rendered":"Todos los gobiernos, salvo EU, comprometidos con mitigar cambio clim\u00e1tico: B\u00e1rcena"},"content":{"rendered":"\n<p><em>&nbsp;<\/em>Todos los gobiernos del mundo \u2014salvo el de Estados Unidos\u2014 est\u00e1n determinados a realizar acciones para mitigar el cambio clim\u00e1tico, asever\u00f3 la secretaria de Medio Ambiente, Alicia B\u00e1rcena.&nbsp;<\/p>\n\n\n\n<p>Presente en la ma\u00f1anera, interrogada sobre los alcances de la Cumbre sobre el Clima, que se realiz\u00f3 la semana pasada en el marco del 80 per\u00edodo de sesiones de la asamblea general de la Organizaci\u00f3n de las Naciones Unidas \u2014a la que acudi\u00f3 en representaci\u00f3n de la presidenta Claudia Sheinbaum\u2014, la secretaria refiri\u00f3 que se presentaron las acciones que est\u00e1 haciendo M\u00e9xico.<\/p>\n\n\n\n<p>\u201cTodos los gobiernos que estuvimos ah\u00ed est\u00e1n totalmente orientados a hacer cambios, excepto uno\u201d, se\u00f1al\u00f3.<\/p>\n\n\n\n<p>Indic\u00f3 que en el ejercicio realizado la semana pasada en Nueva York, la delegaci\u00f3n mexicana present\u00f3 los alcances en materia clim\u00e1tica del Plan M\u00e9xico, como el avanzar en las energ\u00edas renovables.<\/p>\n\n\n\n<p>Y es que hoy, dijo, 22 por ciento de la energ\u00eda producida en M\u00e9xico es renovable, y se planea incrementarla a dos o tres veces para 2035. \u201cEs posible\u201d.<\/p>\n\n\n\n<p>Otros puntos que se present\u00f3 en el seno de esa cumbre en la ONU, es que 70 por ciento de las termoel\u00e9ctricas en el pa\u00eds ya operan con gas natural, as\u00ed como el que los ferrocarriles que se construir\u00e1n durante el gobierno de Sheinbaum ser\u00e1n el\u00e9ctricos. \u201cEso va a ser un cambio importante en las emisiones de carbono\u201d.<\/p>\n\n\n\n<p>Agreg\u00f3 que M\u00e9xico, junto con Guatemala y Belice, se sumaron a la iniciativa de Brasil para la protecci\u00f3n de los bosques tropicales, esto a partir de la reciente declaratoria del corredor biocultural de la Gran Selva Maya.&nbsp;<\/p>\n\n\n\n<p>Tambi\u00e9n se ratific\u00f3 un compromiso para la protecci\u00f3n de la biodiversidad oce\u00e1nica en altamar.<\/p>\n\n\n\n<p>Destac\u00f3 los alcances del multilateralismo, y en ese sentido dijo que durante las actividades en la ONU no s\u00f3lo se habl\u00f3 de cambio clim\u00e1tico, sino que se conmemor\u00f3 el 80 aniversario del organismo, y se hizo \u00e9nfasis especial en el tema de Palestina.&nbsp;<\/p>\n\n\n\n<p>\u201cSe habl\u00f3 de qu\u00e9 hacer para fortalecer el multilateralismo, lo que requerimos queremos todos, y requiere el cambio clim\u00e1tico, es de un multilateralismo eficaz, de nada sirve que M\u00e9xico y Am\u00e9rica Latina y el Caribe hagan acciones (contra el cambio clim\u00e1tico), si s\u00f3lo emitimos 11 por ciento de los gases. Necesitamos hacer acciones conjuntas\u201d.<\/p>\n\n\n\n<p>Fuente: La <a href=\"https:\/\/www.jornada.com.mx\/noticia\/2025\/09\/29\/politica\/todos-los-gobiernos-salvo-eu-comprometidos-con-mitigar-cambio-climatico-barcena\">Jornada<\/a><\/p>\n","protected":false},"excerpt":{"rendered":"<p>&nbsp;Todos los gobiernos del mundo \u2014salvo el de Estados Unidos\u2014 est\u00e1n determinados a realizar acciones para mitigar el cambio clim\u00e1tico, asever\u00f3 la secretaria de Medio Ambiente, Alicia B\u00e1rcena.&nbsp; Presente en la ma\u00f1anera, interrogada sobre los alcances de la Cumbre sobre el Clima, que se realiz\u00f3 la semana pasada en el marco del 80 per\u00edodo de [&hellip;]<\/p>\n","protected":false},"author":35,"featured_media":195586,"comment_status":"open","ping_status":"open","sticky":false,"template":"","format":"standard","meta":{"_monsterinsights_skip_tracking":false,"_monsterinsights_sitenote_active":false,"_monsterinsights_sitenote_note":"","_monsterinsights_sitenote_category":0,"footnotes":""},"categories":[158],"tags":[12723,183,162],"class_list":["post-195583","post","type-post","status-publish","format-standard","has-post-thumbnail","hentry","category-politica","tag-alicia-barcena","tag-estados-unidos","tag-portada","wp-image-borders"],"amp_enabled":true,"_links":{"self":[{"href":"https:\/\/nvnoticias.mx\/index.php\/wp-json\/wp\/v2\/posts\/195583","targetHints":{"allow":["GET"]}}],"collection":[{"href":"https:\/\/nvnoticias.mx\/index.php\/wp-json\/wp\/v2\/posts"}],"about":[{"href":"https:\/\/nvnoticias.mx\/index.php\/wp-json\/wp\/v2\/types\/post"}],"author":[{"embeddable":true,"href":"https:\/\/nvnoticias.mx\/index.php\/wp-json\/wp\/v2\/users\/35"}],"replies":[{"embeddable":true,"href":"https:\/\/nvnoticias.mx\/index.php\/wp-json\/wp\/v2\/comments?post=195583"}],"version-history":[{"count":4,"href":"https:\/\/nvnoticias.mx\/index.php\/wp-json\/wp\/v2\/posts\/195583\/revisions"}],"predecessor-version":[{"id":195588,"href":"https:\/\/nvnoticias.mx\/index.php\/wp-json\/wp\/v2\/posts\/195583\/revisions\/195588"}],"wp:featuredmedia":[{"embeddable":true,"href":"https:\/\/nvnoticias.mx\/index.php\/wp-json\/wp\/v2\/media\/195586"}],"wp:attachment":[{"href":"https:\/\/nvnoticias.mx\/index.php\/wp-json\/wp\/v2\/media?parent=195583"}],"wp:term":[{"taxonomy":"category","embeddable":true,"href":"https:\/\/nvnoticias.mx\/index.php\/wp-json\/wp\/v2\/categories?post=195583"},{"taxonomy":"post_tag","embeddable":true,"href":"https:\/\/nvnoticias.mx\/index.php\/wp-json\/wp\/v2\/tags?post=195583"}],"curies":[{"name":"wp","href":"https:\/\/api.w.org\/{rel}","templated":true}]}}