{"id":19546,"date":"2021-07-27T09:37:23","date_gmt":"2021-07-27T14:37:23","guid":{"rendered":"https:\/\/nvnoticias.mx\/?p=19546"},"modified":"2021-07-27T10:40:47","modified_gmt":"2021-07-27T15:40:47","slug":"revela-amlo-que-a-su-hijo-jesus-ernesto-le-dio-covid","status":"publish","type":"post","link":"https:\/\/nvnoticias.mx\/index.php\/2021\/07\/27\/revela-amlo-que-a-su-hijo-jesus-ernesto-le-dio-covid\/","title":{"rendered":"Revela AMLO que a su hijo Jes\u00fas Ernesto le dio Covid"},"content":{"rendered":"\n<p>El presidente de M\u00e9xico, Andr\u00e9s Manuel L\u00f3pez Obrador, revel\u00f3 este martes que su hijo menor, Jes\u00fas Ernesto, padeci\u00f3 recientemente de COVID-19, convivi\u00f3 con \u00e9l, y por haberse vacunado no se contagi\u00f3, afirm\u00f3.<\/p>\n\n\n\n<blockquote class=\"wp-block-quote is-layout-flow wp-block-quote-is-layout-flow\"><p>\u201cYo me vacune con la AstraZeneca y puedo ir, nada m\u00e1s que ahorita por mi agenda no puedo&#8230; pero si me invitaran yo estoy seguro que no tendr\u00eda ning\u00fan problema.<\/p><\/blockquote>\n\n\n\n<p>Voy a dar un dato, se contagio&nbsp;Jes\u00fas Ernesto, mi hijo, hace poco, y estuvimos conviviendo porque no se sab\u00eda, porque a los adolescentes no les pega fuerte , y yo ya estoy vacunado y no tuve problema, ni la mam\u00e1, y los dos nos vacunamos con AstraZeneca.<\/p>\n\n\n\n<blockquote class=\"wp-block-quote is-layout-flow wp-block-quote-is-layout-flow\"><p>&#8220;No le va a gustar mucho a Beatriz que yo haya dicho esto pero bueno, todo sea para ayudar a quitar miedos, temores y que ayude,&nbsp;pues tambi\u00e9n a quitar todos estos obst\u00e1culos porque se trata de vacunas que est\u00e1n demostrando su efectividad\u201d, se\u00f1al\u00f3 el mandatario mexicano.<\/p><\/blockquote>\n\n\n\n<figure class=\"wp-block-embed is-type-rich is-provider-gestor-del-servicio wp-block-embed-gestor-del-servicio wp-embed-aspect-16-9 wp-has-aspect-ratio\"><div class=\"wp-block-embed__wrapper\">\n<iframe loading=\"lazy\" title=\"#ConferenciaPresidente | Martes 27 de julio de 2021\" width=\"880\" height=\"495\" src=\"https:\/\/www.youtube.com\/embed\/9Zt0hiBnp1Q?feature=oembed\" frameborder=\"0\" allow=\"accelerometer; autoplay; clipboard-write; encrypted-media; gyroscope; picture-in-picture\" allowfullscreen><\/iframe>\n<\/div><\/figure>\n\n\n\n<p>L\u00f3pez Obrador revel\u00f3 lo anterior debido a que le preguntaron durante su conferencia de esta ma\u00f1ana, sobre las restricciones que algunos pa\u00edses han hecho para entrar a su territorio, seg\u00fan la vacuna; y tambi\u00e9n sobre la apertura de la frontera con Estados Unidos.<\/p>\n\n\n\n<p>Fuente: Infobae<\/p>\n","protected":false},"excerpt":{"rendered":"<p>&#8220;No le va a gustar mucho a Beatriz que yo haya dicho esto pero bueno&#8230;&#8221;<\/p>\n","protected":false},"author":6,"featured_media":19574,"comment_status":"open","ping_status":"open","sticky":false,"template":"","format":"standard","meta":{"_monsterinsights_skip_tracking":false,"_monsterinsights_sitenote_active":false,"_monsterinsights_sitenote_note":"","_monsterinsights_sitenote_category":0,"footnotes":""},"categories":[157],"tags":[188,175,162],"class_list":["post-19546","post","type-post","status-publish","format-standard","has-post-thumbnail","hentry","category-nacional","tag-amlo","tag-covid-19","tag-portada","wp-image-borders"],"amp_enabled":true,"_links":{"self":[{"href":"https:\/\/nvnoticias.mx\/index.php\/wp-json\/wp\/v2\/posts\/19546","targetHints":{"allow":["GET"]}}],"collection":[{"href":"https:\/\/nvnoticias.mx\/index.php\/wp-json\/wp\/v2\/posts"}],"about":[{"href":"https:\/\/nvnoticias.mx\/index.php\/wp-json\/wp\/v2\/types\/post"}],"author":[{"embeddable":true,"href":"https:\/\/nvnoticias.mx\/index.php\/wp-json\/wp\/v2\/users\/6"}],"replies":[{"embeddable":true,"href":"https:\/\/nvnoticias.mx\/index.php\/wp-json\/wp\/v2\/comments?post=19546"}],"version-history":[{"count":3,"href":"https:\/\/nvnoticias.mx\/index.php\/wp-json\/wp\/v2\/posts\/19546\/revisions"}],"predecessor-version":[{"id":19575,"href":"https:\/\/nvnoticias.mx\/index.php\/wp-json\/wp\/v2\/posts\/19546\/revisions\/19575"}],"wp:featuredmedia":[{"embeddable":true,"href":"https:\/\/nvnoticias.mx\/index.php\/wp-json\/wp\/v2\/media\/19574"}],"wp:attachment":[{"href":"https:\/\/nvnoticias.mx\/index.php\/wp-json\/wp\/v2\/media?parent=19546"}],"wp:term":[{"taxonomy":"category","embeddable":true,"href":"https:\/\/nvnoticias.mx\/index.php\/wp-json\/wp\/v2\/categories?post=19546"},{"taxonomy":"post_tag","embeddable":true,"href":"https:\/\/nvnoticias.mx\/index.php\/wp-json\/wp\/v2\/tags?post=19546"}],"curies":[{"name":"wp","href":"https:\/\/api.w.org\/{rel}","templated":true}]}}