{"id":195419,"date":"2025-09-27T14:35:48","date_gmt":"2025-09-27T20:35:48","guid":{"rendered":"https:\/\/nvnoticias.mx\/?p=195419"},"modified":"2025-09-27T14:35:52","modified_gmt":"2025-09-27T20:35:52","slug":"adan-augusto-niega-sentirse-mal-por-nombrar-a-hernan-bermudez-como-secretario-de-seguridad","status":"publish","type":"post","link":"https:\/\/nvnoticias.mx\/index.php\/2025\/09\/27\/adan-augusto-niega-sentirse-mal-por-nombrar-a-hernan-bermudez-como-secretario-de-seguridad\/","title":{"rendered":"Ad\u00e1n Augusto niega sentirse mal por nombrar a Hern\u00e1n Berm\u00fadez como secretario de Seguridad"},"content":{"rendered":"\n<p>El\u00a0senador de Morena, Ad\u00e1n Augusto L\u00f3pez Hern\u00e1ndez, asegur\u00f3 no sentirse mal de haber nombrado a\u00a0Hern\u00e1n Berm\u00fadez Requena, presunto l\u00edder de La Barredora, como secretario de\u00a0<strong>Seguridad de Tabasco<\/strong>\u00a0cuando era gobernador de la entidad.<\/p>\n\n\n\n<p>En conferencia de prensa, el senador recalc\u00f3 que cuando le ofreci\u00f3 a\u00a0Berm\u00fadez Requena encargarse de la seguridad en Tabasco\u00a0\u201cno ten\u00edan ning\u00fan indicio\u201d de que estuviera involucrado en\u00a0<strong>actividades il\u00edcitas.<\/strong><\/p>\n\n\n\n<p>\u201cNo ten\u00edamos ning\u00fan indicio. Yo no lo tuve tampoco, ni recib\u00ed reportes de inteligencia, ni de la Defensa ni de Marina\u00a0<strong>durante el 2020 ni el 2021<\/strong>\u201d, asegur\u00f3 el exgobernador de Tabasco.<\/p>\n\n\n\n<p>Explic\u00f3 que el tema de la\u00a0pandemia del Covid-19\u00a0que se dio en esos mismos a\u00f1os, ayud\u00f3 al estado, pues no hab\u00eda mucha actividad.<\/p>\n","protected":false},"excerpt":{"rendered":"<p>El\u00a0senador de Morena, Ad\u00e1n Augusto L\u00f3pez Hern\u00e1ndez, asegur\u00f3 no sentirse mal de haber nombrado a\u00a0Hern\u00e1n Berm\u00fadez Requena, presunto l\u00edder de La Barredora, como secretario de\u00a0Seguridad de Tabasco\u00a0cuando era gobernador de la entidad. En conferencia de prensa, el senador recalc\u00f3 que cuando le ofreci\u00f3 a\u00a0Berm\u00fadez Requena encargarse de la seguridad en Tabasco\u00a0\u201cno ten\u00edan ning\u00fan indicio\u201d de [&hellip;]<\/p>\n","protected":false},"author":35,"featured_media":195422,"comment_status":"open","ping_status":"open","sticky":false,"template":"","format":"standard","meta":{"_monsterinsights_skip_tracking":false,"_monsterinsights_sitenote_active":false,"_monsterinsights_sitenote_note":"","_monsterinsights_sitenote_category":0,"footnotes":""},"categories":[158],"tags":[16465,162],"class_list":["post-195419","post","type-post","status-publish","format-standard","has-post-thumbnail","hentry","category-politica","tag-adan-augusto-lopez","tag-portada","wp-image-borders"],"amp_enabled":true,"_links":{"self":[{"href":"https:\/\/nvnoticias.mx\/index.php\/wp-json\/wp\/v2\/posts\/195419","targetHints":{"allow":["GET"]}}],"collection":[{"href":"https:\/\/nvnoticias.mx\/index.php\/wp-json\/wp\/v2\/posts"}],"about":[{"href":"https:\/\/nvnoticias.mx\/index.php\/wp-json\/wp\/v2\/types\/post"}],"author":[{"embeddable":true,"href":"https:\/\/nvnoticias.mx\/index.php\/wp-json\/wp\/v2\/users\/35"}],"replies":[{"embeddable":true,"href":"https:\/\/nvnoticias.mx\/index.php\/wp-json\/wp\/v2\/comments?post=195419"}],"version-history":[{"count":6,"href":"https:\/\/nvnoticias.mx\/index.php\/wp-json\/wp\/v2\/posts\/195419\/revisions"}],"predecessor-version":[{"id":195426,"href":"https:\/\/nvnoticias.mx\/index.php\/wp-json\/wp\/v2\/posts\/195419\/revisions\/195426"}],"wp:featuredmedia":[{"embeddable":true,"href":"https:\/\/nvnoticias.mx\/index.php\/wp-json\/wp\/v2\/media\/195422"}],"wp:attachment":[{"href":"https:\/\/nvnoticias.mx\/index.php\/wp-json\/wp\/v2\/media?parent=195419"}],"wp:term":[{"taxonomy":"category","embeddable":true,"href":"https:\/\/nvnoticias.mx\/index.php\/wp-json\/wp\/v2\/categories?post=195419"},{"taxonomy":"post_tag","embeddable":true,"href":"https:\/\/nvnoticias.mx\/index.php\/wp-json\/wp\/v2\/tags?post=195419"}],"curies":[{"name":"wp","href":"https:\/\/api.w.org\/{rel}","templated":true}]}}