{"id":195156,"date":"2025-09-25T12:27:47","date_gmt":"2025-09-25T18:27:47","guid":{"rendered":"https:\/\/nvnoticias.mx\/?p=195156"},"modified":"2025-09-25T12:30:43","modified_gmt":"2025-09-25T18:30:43","slug":"inicia-proxima-semana-consulta-de-se-con-estados-para-renegociar-ac","status":"publish","type":"post","link":"https:\/\/nvnoticias.mx\/index.php\/2025\/09\/25\/inicia-proxima-semana-consulta-de-se-con-estados-para-renegociar-ac\/","title":{"rendered":"Inicia pr\u00f3xima semana consulta de SE con estados para renegociar T-MEC"},"content":{"rendered":"\n<p>La Secretar\u00eda de Econom\u00eda iniciar\u00e1 la pr\u00f3xima semana las reuniones de consulta con cada uno de los estados del pa\u00eds y con 30 distintos sectores econ\u00f3micos para llevar a cabo la renegociaci\u00f3n del Tratado M\u00e9xico-Estados Unidos-Canad\u00e1 (T-MEC), inform\u00f3 Vidal Llerenas, subsecretario de Industria y comercio de la Secretar\u00eda de Econom\u00eda.<\/p>\n\n\n\n<p>\u201cNosotros vamos a empezar la semana que entra a tener las reuniones. Habr\u00e1 una reuni\u00f3n en cada estado del pa\u00eds\u201d, coment\u00f3 en una entrevista con este diario luego de participar en la conferencia anual Moody\u2019s Inside LatAm M\u00e9xico 2025.<\/p>\n\n\n\n<p>\u201cHaremos reuniones de manera simult\u00e1nea con estados y con 30 sectores\u201d, coment\u00f3.<\/p>\n\n\n\n<p>Agreg\u00f3 que en el Congreso de la Uni\u00f3n tambi\u00e9n se van a desarrollar consultas y que una vez que se realicen se dar\u00e1 paso a las conversaciones con Estados Unidos y Canad\u00e1, aunque aclar\u00f3 que el dialogo en esta materia ha sido permanente.<\/p>\n\n\n\n<p>Respecto a la afectaci\u00f3n que generan las nuevas pol\u00edticas arancelarias de Estados Unidos sobre todo en el sector automotriz, coment\u00f3 que acudir a paneles internacionales como una forma defensa no ser\u00e1 la estrategia en este momento, ya que el di\u00e1logo ha estado abierto.<\/p>\n\n\n\n<p>Durante su participaci\u00f3n, el funcionario destac\u00f3 que las econom\u00edas se enfrentar\u00e1n a un mundo diferente que va a ser cada vez m\u00e1s proteccionista.<\/p>\n\n\n\n<p>Fuente: La <a href=\"https:\/\/www.jornada.com.mx\/noticia\/2025\/09\/25\/economia\/inicia-proxima-semana-consulta-de-se-con-estados-para-renegociar-tmec\">Jornada<\/a> <\/p>\n","protected":false},"excerpt":{"rendered":"<p>La Secretar\u00eda de Econom\u00eda iniciar\u00e1 la pr\u00f3xima semana las reuniones de consulta con cada uno de los estados del pa\u00eds y con 30 distintos sectores econ\u00f3micos para llevar a cabo la renegociaci\u00f3n del Tratado M\u00e9xico-Estados Unidos-Canad\u00e1 (T-MEC), inform\u00f3 Vidal Llerenas, subsecretario de Industria y comercio de la Secretar\u00eda de Econom\u00eda. \u201cNosotros vamos a empezar la [&hellip;]<\/p>\n","protected":false},"author":35,"featured_media":195158,"comment_status":"open","ping_status":"open","sticky":false,"template":"","format":"standard","meta":{"_monsterinsights_skip_tracking":false,"_monsterinsights_sitenote_active":false,"_monsterinsights_sitenote_note":"","_monsterinsights_sitenote_category":0,"footnotes":""},"categories":[157],"tags":[3222,3163],"class_list":["post-195156","post","type-post","status-publish","format-standard","has-post-thumbnail","hentry","category-nacional","tag-se","tag-t-mec","wp-image-borders"],"amp_enabled":true,"_links":{"self":[{"href":"https:\/\/nvnoticias.mx\/index.php\/wp-json\/wp\/v2\/posts\/195156","targetHints":{"allow":["GET"]}}],"collection":[{"href":"https:\/\/nvnoticias.mx\/index.php\/wp-json\/wp\/v2\/posts"}],"about":[{"href":"https:\/\/nvnoticias.mx\/index.php\/wp-json\/wp\/v2\/types\/post"}],"author":[{"embeddable":true,"href":"https:\/\/nvnoticias.mx\/index.php\/wp-json\/wp\/v2\/users\/35"}],"replies":[{"embeddable":true,"href":"https:\/\/nvnoticias.mx\/index.php\/wp-json\/wp\/v2\/comments?post=195156"}],"version-history":[{"count":4,"href":"https:\/\/nvnoticias.mx\/index.php\/wp-json\/wp\/v2\/posts\/195156\/revisions"}],"predecessor-version":[{"id":195162,"href":"https:\/\/nvnoticias.mx\/index.php\/wp-json\/wp\/v2\/posts\/195156\/revisions\/195162"}],"wp:featuredmedia":[{"embeddable":true,"href":"https:\/\/nvnoticias.mx\/index.php\/wp-json\/wp\/v2\/media\/195158"}],"wp:attachment":[{"href":"https:\/\/nvnoticias.mx\/index.php\/wp-json\/wp\/v2\/media?parent=195156"}],"wp:term":[{"taxonomy":"category","embeddable":true,"href":"https:\/\/nvnoticias.mx\/index.php\/wp-json\/wp\/v2\/categories?post=195156"},{"taxonomy":"post_tag","embeddable":true,"href":"https:\/\/nvnoticias.mx\/index.php\/wp-json\/wp\/v2\/tags?post=195156"}],"curies":[{"name":"wp","href":"https:\/\/api.w.org\/{rel}","templated":true}]}}