{"id":195092,"date":"2025-09-25T09:57:43","date_gmt":"2025-09-25T15:57:43","guid":{"rendered":"https:\/\/nvnoticias.mx\/?p=195092"},"modified":"2025-09-25T10:12:19","modified_gmt":"2025-09-25T16:12:19","slug":"vibra-el-pirata-fuente-con-shakira-ante-30-mil-espectadores","status":"publish","type":"post","link":"https:\/\/nvnoticias.mx\/index.php\/2025\/09\/25\/vibra-el-pirata-fuente-con-shakira-ante-30-mil-espectadores\/","title":{"rendered":"Vibra el \u201cPirata\u201d Fuente con Shakira ante 30 mil espectadores"},"content":{"rendered":"\n<p><\/p>\n\n\n\n<p><strong>Jes\u00fas Utrilla \/ NV Noticias<\/strong><\/p>\n\n\n\n<p>La espera termin\u00f3. A las 21:50 horas, tras 18 a\u00f1os de ausencia, la superestrella internacional Shakira retorn\u00f3 a Veracruz, protagoniz\u00f3 su famoso \u201cCaminando con la loba\u201d y encendi\u00f3 el escenario en el estadio \u201cPirata\u201d Fuente.<\/p>\n\n\n\n<p>Con dinamismo, ritmo, sabor, nostalgia y felicidad; Shakira puso punto final a su exitosa gira mundial Las Mujeres Ya No Lloran World Tour.<\/p>\n\n\n\n<p>\u00a0 \u00a0 \u00a0 \u00a0 \u00a0 \u00a0 \u00a0 \u00a0 \u00a0 \u00a0 \u00a0 \u00a0 \u00a0 \u00a0 \u00a0 \u00a0 \u00a0 \u00a0 \u00a0 \u00a0 \u00a0 \u00a0 \u00a0 \u00a0 \u00a0 \u00a0 \u00a0 \u00a0 \u00a0 \u00a0 \u00a0 \u00a0 \u00a0 \u00a0 \u00a0 \u00a0 \u00a0 \u00a0 \u00a0 \u00a0 \u00a0 \u00a0 \u00a0 \u00a0 \u00a0 \u00a0 \u00a0 \u00a0 \u201cGracias por esos d\u00edas, por todos esos momentos que han sido para mi \u00a0inolvidables, gracias por estar aqu\u00ed. Les digo una cosa, a donde vaya, siempre llevo a M\u00e9xico en mi coraz\u00f3n\u201d, expres\u00f3 Shakira, en su primer mensaje e interacci\u00f3n con los 30 mil asistentes que le dieron alma al \u201cPirata\u201d Fuente.<\/p>\n\n\n\n<p>\u00a0 \u00a0 \u00a0 \u00a0 \u00a0 \u00a0 \u00a0 \u00a0 \u00a0 \u00a0 \u00a0 \u00a0 \u00a0 \u00a0 \u00a0 \u00a0 \u00a0 \u00a0 \u00a0 \u00a0 \u00a0 \u00a0 \u00a0 \u00a0 \u00a0 \u00a0 \u00a0 \u00a0 \u00a0 \u00a0 \u00a0 \u00a0 \u00a0 \u00a0 \u00a0 \u00a0 \u00a0 \u00a0 \u00a0 \u00a0 \u00a0 \u00a0 \u00a0 \u00a0 \u00a0 \u00a0 \u00a0 \u00a0 Las veracruzanas y los veracruzanos acompa\u00f1aron de principio a fin, a la \u201cLoba\u201d coreando y cantando al un\u00edsono cada una de sus canciones, vibrando con todos los \u00e9xitos y la espectacular producci\u00f3n que present\u00f3 en el Coloso del Fraccionamiento Virginia.<\/p>\n\n\n\n<p>\u00a0   \u00a0 \u00a0 \u00a0 \u00a0 \u00a0 \u00a0 \u00a0 \u00a0 \u00a0 \u00a0 \u00a0 \u00a0 \u00a0 \u00a0 \u00a0 \u00a0 \u00a0 \u00a0 \u00a0 \u00a0 \u00a0 \u00a0 \u00a0 \u00a0 \u00a0 \u00a0 \u00a0 \u00a0 \u00a0 \u00a0 \u00a0 \u00a0 \u00a0 \u00a0 \u00a0 \u00a0 \u00a0 \u00a0 \u00a0 \u00a0 Despu\u00e9s de las primeras tres canciones, la int\u00e9rprete hizo conexi\u00f3n de coraz\u00f3n a coraz\u00f3n con su p\u00fablico:<\/p>\n\n\n\n<p>\u201cGracias por esos d\u00edas, por todos esos momentos que han sido para mi, inolvidables; gracias por estar aqu\u00ed. Les digo una cosa, a donde vaya, siempre llevo a M\u00e9xico en mi coraz\u00f3n\u201d, expres\u00f3 Shakira, en su primera interacci\u00f3n con los 30 mil asistentes en el \u201cPirata\u201d Fuente.<\/p>\n\n\n\n<p>La lista de \u00e9xitos arranc\u00f3 con: \u201cLa fuerte\u201d, \u201cGirl like me\u201d, \u201cLas de la intuici\u00f3n\u201d y \u201cEstoy aqu\u00ed\u201d pusieron a todos a cantar, consolidando al estadio \u201cPirata\u201d Fuente como el mejor escenario en Veracruz para la colombiana.<\/p>\n\n\n\n<p>Posteriormente, al ritmo de su m\u00fasica, un moderno sistema de iluminaci\u00f3n y su innovadora pantalla, \u201cLa Loba\u201d, con esa fuerza y resiliencia, empoder\u00f3 a sus fans:<\/p>\n\n\n\n<p>\u201cNosotras las mujeres, unidas somos m\u00e1s fuertes\u201d, expres\u00f3 con ese lado salvaje que le caracteriza a la cantante internacional colombiana.<\/p>\n\n\n\n<p>El p\u00fablico se emocion\u00f3, cant\u00f3, llor\u00f3 y bail\u00f3 con la colombiana minuto a minuto, protagonizando los veracruzanos y el remodelado \u201cPirata\u201d Fuente una noche espectacular, la m\u00e1s esperada del a\u00f1o, una noche hist\u00f3rica de Shakira en el puerto, en su \u00faltima presentaci\u00f3n en M\u00e9xico; este 2025.<\/p>\n","protected":false},"excerpt":{"rendered":"<p>Jes\u00fas Utrilla \/ NV Noticias La espera termin\u00f3. A las 21:50 horas, tras 18 a\u00f1os de ausencia, la superestrella internacional Shakira retorn\u00f3 a Veracruz, protagoniz\u00f3 su famoso \u201cCaminando con la loba\u201d y encendi\u00f3 el escenario en el estadio \u201cPirata\u201d Fuente. Con dinamismo, ritmo, sabor, nostalgia y felicidad; Shakira puso punto final a su exitosa gira [&hellip;]<\/p>\n","protected":false},"author":8,"featured_media":195097,"comment_status":"open","ping_status":"open","sticky":false,"template":"","format":"standard","meta":{"_monsterinsights_skip_tracking":false,"_monsterinsights_sitenote_active":false,"_monsterinsights_sitenote_note":"","_monsterinsights_sitenote_category":0,"footnotes":""},"categories":[576],"tags":[801,15601,180],"class_list":["post-195092","post","type-post","status-publish","format-standard","has-post-thumbnail","hentry","category-ocio","tag-concierto","tag-shakira","tag-veracruz","wp-image-borders"],"amp_enabled":true,"_links":{"self":[{"href":"https:\/\/nvnoticias.mx\/index.php\/wp-json\/wp\/v2\/posts\/195092","targetHints":{"allow":["GET"]}}],"collection":[{"href":"https:\/\/nvnoticias.mx\/index.php\/wp-json\/wp\/v2\/posts"}],"about":[{"href":"https:\/\/nvnoticias.mx\/index.php\/wp-json\/wp\/v2\/types\/post"}],"author":[{"embeddable":true,"href":"https:\/\/nvnoticias.mx\/index.php\/wp-json\/wp\/v2\/users\/8"}],"replies":[{"embeddable":true,"href":"https:\/\/nvnoticias.mx\/index.php\/wp-json\/wp\/v2\/comments?post=195092"}],"version-history":[{"count":2,"href":"https:\/\/nvnoticias.mx\/index.php\/wp-json\/wp\/v2\/posts\/195092\/revisions"}],"predecessor-version":[{"id":195098,"href":"https:\/\/nvnoticias.mx\/index.php\/wp-json\/wp\/v2\/posts\/195092\/revisions\/195098"}],"wp:featuredmedia":[{"embeddable":true,"href":"https:\/\/nvnoticias.mx\/index.php\/wp-json\/wp\/v2\/media\/195097"}],"wp:attachment":[{"href":"https:\/\/nvnoticias.mx\/index.php\/wp-json\/wp\/v2\/media?parent=195092"}],"wp:term":[{"taxonomy":"category","embeddable":true,"href":"https:\/\/nvnoticias.mx\/index.php\/wp-json\/wp\/v2\/categories?post=195092"},{"taxonomy":"post_tag","embeddable":true,"href":"https:\/\/nvnoticias.mx\/index.php\/wp-json\/wp\/v2\/tags?post=195092"}],"curies":[{"name":"wp","href":"https:\/\/api.w.org\/{rel}","templated":true}]}}