{"id":19507,"date":"2021-07-26T13:58:08","date_gmt":"2021-07-26T18:58:08","guid":{"rendered":"https:\/\/nvnoticias.mx\/?p=19507"},"modified":"2021-07-26T13:58:09","modified_gmt":"2021-07-26T18:58:09","slug":"fernandez-norona-da-positivo-a-covid","status":"publish","type":"post","link":"https:\/\/nvnoticias.mx\/index.php\/2021\/07\/26\/fernandez-norona-da-positivo-a-covid\/","title":{"rendered":"Fern\u00e1ndez Noro\u00f1a da positivo a covid"},"content":{"rendered":"\n<p>Gerardo Fern\u00e1ndez Noro\u00f1a, diputado del Partido del Trabajo, dio positivo a covid-19, as\u00ed lo inform\u00f3 en sus redes sociales, en donde mostr\u00f3 el resultado de la prueba que se hizo hoy en Morelos.\u00a0<\/p>\n\n\n\n<p> El legislador present\u00f3\u00a0s\u00edntomas que \u00e9l mismo defini\u00f3 como los de &#8220;una gripe muy fuerte&#8221;.\u00a0El vicecoordinador del partido en el Palacio de San L\u00e1zaro confirm\u00f3 esta tarde en redes sociales los resultados de su prueba. <\/p>\n\n\n\n<figure class=\"wp-block-embed is-type-rich is-provider-twitter wp-block-embed-twitter\"><div class=\"wp-block-embed__wrapper\">\n<blockquote class=\"twitter-tweet\" data-width=\"550\" data-dnt=\"true\"><p lang=\"es\" dir=\"ltr\">Lo dicho. Sal\u00ed positivo al cov\u00ed. . <a href=\"https:\/\/t.co\/jvEUaLNVVJ\">pic.twitter.com\/jvEUaLNVVJ<\/a><\/p>&mdash; Fern\u00e1ndez Noro\u00f1a (@fernandeznorona) <a href=\"https:\/\/twitter.com\/fernandeznorona\/status\/1419714541173288967?ref_src=twsrc%5Etfw\">July 26, 2021<\/a><\/blockquote><script async src=\"https:\/\/platform.twitter.com\/widgets.js\" charset=\"utf-8\"><\/script>\n<\/div><\/figure>\n\n\n\n<p>Antes, coment\u00f3 los s\u00edntomas que hab\u00eda presentado durante la noche:\u00a0&#8220;Una noche dura, pero ya voy mejorando. Es una gripe muy fuerte o el bicho, no especular\u00e9, m\u00e1s tarde me har\u00e9 la prueba nuevamente&#8221;.\u00a0 <\/p>\n\n\n\n<p>Gerardo Fern\u00e1ndez Noro\u00f1a comparti\u00f3 apenas el viernes en redes sociales una fotograf\u00eda de su resultado negativo a covid-19, con un mensaje dirigido a sus adversarios: <em>&#8220;Lo dicho, la derecha muere de rabia por este resultado. Francamente exhiben su enorme miseria humana. Se les olvida que el que por otro pide, por si aboga&#8221;.\u00a0 <\/em><\/p>\n\n\n\n<p>Fuente: <a href=\"https:\/\/www.milenio.com\/politica\/gerardo-fernandez-norona-da-positivo-a-covid\">Milenio<\/a><\/p>\n","protected":false},"excerpt":{"rendered":"<p>Gerardo Fern\u00e1ndez Noro\u00f1a, diputado del Partido del Trabajo, dio positivo a covid-19, as\u00ed lo inform\u00f3 en sus redes sociales, en donde mostr\u00f3 el resultado de la prueba que se hizo hoy en Morelos.\u00a0 El legislador present\u00f3\u00a0s\u00edntomas que \u00e9l mismo defini\u00f3 como los de &#8220;una gripe muy fuerte&#8221;.\u00a0El vicecoordinador del partido en el Palacio de San [&hellip;]<\/p>\n","protected":false},"author":6,"featured_media":19509,"comment_status":"open","ping_status":"open","sticky":false,"template":"","format":"standard","meta":{"_monsterinsights_skip_tracking":false,"_monsterinsights_sitenote_active":false,"_monsterinsights_sitenote_note":"","_monsterinsights_sitenote_category":0,"footnotes":""},"categories":[158],"tags":[175,5233,1557],"class_list":["post-19507","post","type-post","status-publish","format-standard","has-post-thumbnail","hentry","category-politica","tag-covid-19","tag-fernandez-norona","tag-positivo","wp-image-borders"],"amp_enabled":true,"_links":{"self":[{"href":"https:\/\/nvnoticias.mx\/index.php\/wp-json\/wp\/v2\/posts\/19507","targetHints":{"allow":["GET"]}}],"collection":[{"href":"https:\/\/nvnoticias.mx\/index.php\/wp-json\/wp\/v2\/posts"}],"about":[{"href":"https:\/\/nvnoticias.mx\/index.php\/wp-json\/wp\/v2\/types\/post"}],"author":[{"embeddable":true,"href":"https:\/\/nvnoticias.mx\/index.php\/wp-json\/wp\/v2\/users\/6"}],"replies":[{"embeddable":true,"href":"https:\/\/nvnoticias.mx\/index.php\/wp-json\/wp\/v2\/comments?post=19507"}],"version-history":[{"count":1,"href":"https:\/\/nvnoticias.mx\/index.php\/wp-json\/wp\/v2\/posts\/19507\/revisions"}],"predecessor-version":[{"id":19508,"href":"https:\/\/nvnoticias.mx\/index.php\/wp-json\/wp\/v2\/posts\/19507\/revisions\/19508"}],"wp:featuredmedia":[{"embeddable":true,"href":"https:\/\/nvnoticias.mx\/index.php\/wp-json\/wp\/v2\/media\/19509"}],"wp:attachment":[{"href":"https:\/\/nvnoticias.mx\/index.php\/wp-json\/wp\/v2\/media?parent=19507"}],"wp:term":[{"taxonomy":"category","embeddable":true,"href":"https:\/\/nvnoticias.mx\/index.php\/wp-json\/wp\/v2\/categories?post=19507"},{"taxonomy":"post_tag","embeddable":true,"href":"https:\/\/nvnoticias.mx\/index.php\/wp-json\/wp\/v2\/tags?post=19507"}],"curies":[{"name":"wp","href":"https:\/\/api.w.org\/{rel}","templated":true}]}}