{"id":195040,"date":"2025-09-24T14:42:01","date_gmt":"2025-09-24T20:42:01","guid":{"rendered":"https:\/\/nvnoticias.mx\/?p=195040"},"modified":"2025-09-24T14:44:10","modified_gmt":"2025-09-24T20:44:10","slug":"javier-milei-elogia-en-la-onu-politica-migratoria-de-trump","status":"publish","type":"post","link":"https:\/\/nvnoticias.mx\/index.php\/2025\/09\/24\/javier-milei-elogia-en-la-onu-politica-migratoria-de-trump\/","title":{"rendered":"Javier Milei elogia en la ONU pol\u00edtica migratoria de Trump"},"content":{"rendered":"\n<p>El presidente de Argentina, Javier Milei, elogi\u00f3 este mi\u00e9rcoles ante la 80 Asamblea General de la ONU a su hom\u00f3logo de Estados Unidos, Donald Trump, al destacar las pol\u00edticas de su aliado estadunidense contra la migraci\u00f3n irregular y la &#8220;restructuraci\u00f3n, sin precedentes, de los t\u00e9rminos del comercio internacional&#8221;.<\/p>\n\n\n\n<p>En &#8220;este momento hist\u00f3rico&#8221;, Trump &#8220;entiende que debe hacer lo necesario, aunque a muchos no les guste, antes de que sea demasiado tarde&#8221;, declar\u00f3 Milei, (Trump) \u201cha tomado decisiones dif\u00edciles&#8221; para evitar una &#8220;cat\u00e1strofe global&#8221;.<\/p>\n\n\n\n<p>&#8220;Una tarea de magnitudes tit\u00e1nicas que hacen al coraz\u00f3n del sistema econ\u00f3mico global, porque este sistema estaba depredando el coraz\u00f3n industrial de su pa\u00eds y sumi\u00e9ndolo en una crisis de deuda sin parang\u00f3n&#8221;, expres\u00f3 Milei que, sin embargo, ha impulsado la apertura de importaciones en Argentina desde que lleg\u00f3 al gobierno en diciembre de 2023.<\/p>\n\n\n\n<p>&#8220;M\u00e1s a\u00fan, (Trump) est\u00e1 llevando adelante una limpieza de la captura institucional del Estado americano porque en el mismo se hab\u00edan infiltrado facciones de izquierda que atentaban contra cualquier programa de reforma por m\u00e1s necesario que fuera&#8221;, sostuvo.<\/p>\n\n\n\n<p>Por otro lado, inst\u00f3 a la ONU a aplicar en el seno de la organizaci\u00f3n un plan de recortes y austeridad similar a su pol\u00edtica de &#8220;motosierra&#8221; en Argentina.<\/p>\n\n\n\n<p>&#8220;As\u00ed como la Argentina ha iniciado un proceso de optimizaci\u00f3n del Estado eliminando estructuras redundantes y devolviendo recursos a los contribuyentes, entendemos que la ONU necesita un camino similar. Eso implica la realizaci\u00f3n de auditor\u00edas confiables, el cierre de programas ineficaces, la consolidaci\u00f3n de agencias \u00fanicas y un financiamiento condicionado a resultados verificable&#8221;, mencion\u00f3 el mandatario argentino.<\/p>\n\n\n\n<p>Fuente: La <a href=\"https:\/\/www.jornada.com.mx\/noticia\/2025\/09\/24\/mundo\/javier-milei-elogia-en-la-onu-politica-migratoria-de-trump\">Jornada<\/a> <\/p>\n","protected":false},"excerpt":{"rendered":"<p>El presidente de Argentina, Javier Milei, elogi\u00f3 este mi\u00e9rcoles ante la 80 Asamblea General de la ONU a su hom\u00f3logo de Estados Unidos, Donald Trump, al destacar las pol\u00edticas de su aliado estadunidense contra la migraci\u00f3n irregular y la &#8220;restructuraci\u00f3n, sin precedentes, de los t\u00e9rminos del comercio internacional&#8221;. En &#8220;este momento hist\u00f3rico&#8221;, Trump &#8220;entiende que [&hellip;]<\/p>\n","protected":false},"author":35,"featured_media":195042,"comment_status":"open","ping_status":"open","sticky":false,"template":"","format":"standard","meta":{"_monsterinsights_skip_tracking":false,"_monsterinsights_sitenote_active":false,"_monsterinsights_sitenote_note":"","_monsterinsights_sitenote_category":0,"footnotes":""},"categories":[181],"tags":[230,27223,513],"class_list":["post-195040","post","type-post","status-publish","format-standard","has-post-thumbnail","hentry","category-internacional","tag-donald-trump","tag-javier-milei","tag-onu","wp-image-borders"],"amp_enabled":true,"_links":{"self":[{"href":"https:\/\/nvnoticias.mx\/index.php\/wp-json\/wp\/v2\/posts\/195040","targetHints":{"allow":["GET"]}}],"collection":[{"href":"https:\/\/nvnoticias.mx\/index.php\/wp-json\/wp\/v2\/posts"}],"about":[{"href":"https:\/\/nvnoticias.mx\/index.php\/wp-json\/wp\/v2\/types\/post"}],"author":[{"embeddable":true,"href":"https:\/\/nvnoticias.mx\/index.php\/wp-json\/wp\/v2\/users\/35"}],"replies":[{"embeddable":true,"href":"https:\/\/nvnoticias.mx\/index.php\/wp-json\/wp\/v2\/comments?post=195040"}],"version-history":[{"count":3,"href":"https:\/\/nvnoticias.mx\/index.php\/wp-json\/wp\/v2\/posts\/195040\/revisions"}],"predecessor-version":[{"id":195045,"href":"https:\/\/nvnoticias.mx\/index.php\/wp-json\/wp\/v2\/posts\/195040\/revisions\/195045"}],"wp:featuredmedia":[{"embeddable":true,"href":"https:\/\/nvnoticias.mx\/index.php\/wp-json\/wp\/v2\/media\/195042"}],"wp:attachment":[{"href":"https:\/\/nvnoticias.mx\/index.php\/wp-json\/wp\/v2\/media?parent=195040"}],"wp:term":[{"taxonomy":"category","embeddable":true,"href":"https:\/\/nvnoticias.mx\/index.php\/wp-json\/wp\/v2\/categories?post=195040"},{"taxonomy":"post_tag","embeddable":true,"href":"https:\/\/nvnoticias.mx\/index.php\/wp-json\/wp\/v2\/tags?post=195040"}],"curies":[{"name":"wp","href":"https:\/\/api.w.org\/{rel}","templated":true}]}}