{"id":195033,"date":"2025-09-24T14:36:32","date_gmt":"2025-09-24T20:36:32","guid":{"rendered":"https:\/\/nvnoticias.mx\/?p=195033"},"modified":"2025-09-24T14:36:35","modified_gmt":"2025-09-24T20:36:35","slug":"congreso-aprueba-iniciativa-para-prohibir-venta-de-bebidas-energeticas-a-menores","status":"publish","type":"post","link":"https:\/\/nvnoticias.mx\/index.php\/2025\/09\/24\/congreso-aprueba-iniciativa-para-prohibir-venta-de-bebidas-energeticas-a-menores\/","title":{"rendered":"Congreso aprueba iniciativa para prohibir venta de bebidas energ\u00e9ticas a menores"},"content":{"rendered":"\n<p>La Comisi\u00f3n de Salud de la C\u00e1mara de Diputados aprob\u00f3 por unanimidad una iniciativa de reforma a la Ley General de Salud, para prohibir la venta de \u201cbebidas energ\u00e9ticas\u201d a menores de edad, debido a los riesgos de salud que implica su consumo, sobre todo cuando se mezclan con alcohol.<\/p>\n\n\n\n<p>Con modificaciones propuestas por los grupos parlamentarios del PRI y el PAN, el proyecto presentado por el coordinador de la bancada de Morena, Ricardo Monreal, fue avalado con 20 votos a favor, por lo que ser\u00e1 enviado a la Mesa Directiva de San L\u00e1zaro para la continuaci\u00f3n de su tr\u00e1mite legislativo.<\/p>\n\n\n\n<p><\/p>\n\n\n\n<p>La iniciativa alerta que en los a\u00f1os recientes ha crecido entre los ni\u00f1os y adolescentes en M\u00e9xico el consumo de \u201cbebidas energ\u00e9ticas\u201d, que son aquellas con altas concentraciones de cafe\u00edna, taurina, glucuronolactona, guaran\u00e1, ginseng y az\u00facares a\u00f1adidos, \u201cingredientes que, combinados, producen un efecto estimulante intenso sobre el sistema nervioso y cardiovascular\u201d.&nbsp;<\/p>\n\n\n\n<p>Seg\u00fan el documento, aunque dichos productos son comercializados como inocuos e incluso ben\u00e9ficos, diversos estudios nacionales e internacionales han documentado que su consumo en menores de 18 a\u00f1os \u201cest\u00e1 asociado a trastornos del sue\u00f1o, ansiedad, irritabilidad, d\u00e9ficit de atenci\u00f3n, alteraciones en la memoria y deterioro en el aprendizaje, as\u00ed como tambi\u00e9n infartos al coraz\u00f3n y palpitaciones\u201d.&nbsp;<\/p>\n\n\n\n<p>En el plano f\u00edsico, agrega, \u201cse relacionan con hipertensi\u00f3n, arritmias, deshidrataci\u00f3n, convulsiones, riesgo de accidentes cerebrovasculares e incluso muerte s\u00fabita, por lo que el objetivo del proyecto es prevenir dichas complicaciones cardiovasculares, neurol\u00f3gicas, metab\u00f3licas y psicol\u00f3gicas, y reducir la exposici\u00f3n de los j\u00f3venes a productos que pueden desencadenar problemas de adicci\u00f3n y deteriorar su calidad de vida\u201d.<\/p>\n\n\n\n<p>El dictamen resalta que los ni\u00f1os y adolescentes constituyen una poblaci\u00f3n especialmente vulnerable a los efectos de estas bebidas, dado que su organismo a\u00fan est\u00e1 en desarrollo y metaboliza de manera distinta la cafe\u00edna y otros estimulantes, adem\u00e1s de que la mercadotecnia que vincula estos productos a la resistencia f\u00edsica y la energ\u00eda \u201cilimitada\u201d est\u00e1 especialmente dirigida a este sector de la poblaci\u00f3n.<\/p>\n\n\n\n<p>Dado que en la actualidad las \u201cbebidas energ\u00e9ticas\u201d son de f\u00e1cil compra en tiendas, plataformas digitales e incluso en las escuelas, la iniciativa establece la prohibici\u00f3n de su venta a menores de 18 a\u00f1os, y propone una multa de hasta 2 mil Unidades de Medida y Actualizaci\u00f3n, equivalentes a 226 mil 280 pesos, a quien viole esta disposici\u00f3n.<\/p>\n\n\n\n<p>Fuente: La <a href=\"https:\/\/www.jornada.com.mx\/noticia\/2025\/09\/24\/politica\/congreso-apruebaa-iniciativa-para-prohibir-venta-de-bebidas-energeticas-a-menores\">Jornada<\/a> <\/p>\n\n\n\n<p> <\/p>\n","protected":false},"excerpt":{"rendered":"<p>La Comisi\u00f3n de Salud de la C\u00e1mara de Diputados aprob\u00f3 por unanimidad una iniciativa de reforma a la Ley General de Salud, para prohibir la venta de \u201cbebidas energ\u00e9ticas\u201d a menores de edad, debido a los riesgos de salud que implica su consumo, sobre todo cuando se mezclan con alcohol. Con modificaciones propuestas por los [&hellip;]<\/p>\n","protected":false},"author":35,"featured_media":195036,"comment_status":"open","ping_status":"open","sticky":false,"template":"","format":"standard","meta":{"_monsterinsights_skip_tracking":false,"_monsterinsights_sitenote_active":false,"_monsterinsights_sitenote_note":"","_monsterinsights_sitenote_category":0,"footnotes":""},"categories":[158],"tags":[31958,348],"class_list":["post-195033","post","type-post","status-publish","format-standard","has-post-thumbnail","hentry","category-politica","tag-bebidas-energeticas","tag-congreso","wp-image-borders"],"amp_enabled":true,"_links":{"self":[{"href":"https:\/\/nvnoticias.mx\/index.php\/wp-json\/wp\/v2\/posts\/195033","targetHints":{"allow":["GET"]}}],"collection":[{"href":"https:\/\/nvnoticias.mx\/index.php\/wp-json\/wp\/v2\/posts"}],"about":[{"href":"https:\/\/nvnoticias.mx\/index.php\/wp-json\/wp\/v2\/types\/post"}],"author":[{"embeddable":true,"href":"https:\/\/nvnoticias.mx\/index.php\/wp-json\/wp\/v2\/users\/35"}],"replies":[{"embeddable":true,"href":"https:\/\/nvnoticias.mx\/index.php\/wp-json\/wp\/v2\/comments?post=195033"}],"version-history":[{"count":4,"href":"https:\/\/nvnoticias.mx\/index.php\/wp-json\/wp\/v2\/posts\/195033\/revisions"}],"predecessor-version":[{"id":195039,"href":"https:\/\/nvnoticias.mx\/index.php\/wp-json\/wp\/v2\/posts\/195033\/revisions\/195039"}],"wp:featuredmedia":[{"embeddable":true,"href":"https:\/\/nvnoticias.mx\/index.php\/wp-json\/wp\/v2\/media\/195036"}],"wp:attachment":[{"href":"https:\/\/nvnoticias.mx\/index.php\/wp-json\/wp\/v2\/media?parent=195033"}],"wp:term":[{"taxonomy":"category","embeddable":true,"href":"https:\/\/nvnoticias.mx\/index.php\/wp-json\/wp\/v2\/categories?post=195033"},{"taxonomy":"post_tag","embeddable":true,"href":"https:\/\/nvnoticias.mx\/index.php\/wp-json\/wp\/v2\/tags?post=195033"}],"curies":[{"name":"wp","href":"https:\/\/api.w.org\/{rel}","templated":true}]}}