{"id":194950,"date":"2025-09-23T16:21:53","date_gmt":"2025-09-23T22:21:53","guid":{"rendered":"https:\/\/nvnoticias.mx\/?p=194950"},"modified":"2025-09-23T16:21:56","modified_gmt":"2025-09-23T22:21:56","slug":"alito-denuncia-a-adan-augusto-en-el-fbi-y-la-dea-por-la-barredora","status":"publish","type":"post","link":"https:\/\/nvnoticias.mx\/index.php\/2025\/09\/23\/alito-denuncia-a-adan-augusto-en-el-fbi-y-la-dea-por-la-barredora\/","title":{"rendered":"\u2018Alito\u2019 denuncia a Ad\u00e1n Augusto en el FBI y la DEA por La Barredora"},"content":{"rendered":"\n<p>Alejandro Moreno, senador y presidente nacional del PRI, denunci\u00f3 a\u00a0Ad\u00e1n Augusto L\u00f3pez, coordinador de Morena en el Senado, ante autoridades estadounidenses por presuntamente\u00a0<strong>formar parte de una organizaci\u00f3n delictiva<\/strong>\u00a0y participar en actividades il\u00edcitas.<\/p>\n\n\n\n<p>La denuncia del priista fue dirigida al Departamento del Tesoro, la Oficina Federal de Investigaciones (FBI) y la Administraci\u00f3n para el Control de Drogas (DEA), de acuerdo con la captura de un documento que public\u00f3 en sus redes sociales.<\/p>\n\n\n\n<p>\u201cQue se investigue al c\u00ednico y corrupto narcosenador Ad\u00e1n Augusto L\u00f3pez Hern\u00e1ndez, despu\u00e9s de meses de estar trabajando, de tener reuniones a nivel nacional e internacional,&nbsp;<strong>hemos presentado datos, informaci\u00f3n, denuncia clara<\/strong>, ante las agencias de Estados Unidos, el departamento de Justicia, el departamento del Tesoro. Tengo los acuses, correos, donde hemos presentado datos y se\u00f1alamientos en el FBI y la DEA\u201d, expres\u00f3 en conferencia de prensa realizada en el Senado.<\/p>\n\n\n\n<p>Este anuncio se suma a las acciones que emprendi\u00f3 Alejandro Moreno para evidenciar presuntos v\u00ednculos del crimen organizado con actores pol\u00edticos de Morena.<\/p>\n\n\n\n<p>Fuente: El <a href=\"https:\/\/www.elfinanciero.com.mx\/nacional\/2025\/09\/23\/alito-denuncia-a-adan-augusto-en-el-fbi-y-la-dea-por-la-barredora-que-se-investigue-al-narcosenador\/\">Financiero<\/a> <\/p>\n","protected":false},"excerpt":{"rendered":"<p>Alejandro Moreno, senador y presidente nacional del PRI, denunci\u00f3 a\u00a0Ad\u00e1n Augusto L\u00f3pez, coordinador de Morena en el Senado, ante autoridades estadounidenses por presuntamente\u00a0formar parte de una organizaci\u00f3n delictiva\u00a0y participar en actividades il\u00edcitas. La denuncia del priista fue dirigida al Departamento del Tesoro, la Oficina Federal de Investigaciones (FBI) y la Administraci\u00f3n para el Control de [&hellip;]<\/p>\n","protected":false},"author":35,"featured_media":194952,"comment_status":"open","ping_status":"open","sticky":false,"template":"","format":"standard","meta":{"_monsterinsights_skip_tracking":false,"_monsterinsights_sitenote_active":false,"_monsterinsights_sitenote_note":"","_monsterinsights_sitenote_category":0,"footnotes":""},"categories":[158],"tags":[16465,6413,162],"class_list":["post-194950","post","type-post","status-publish","format-standard","has-post-thumbnail","hentry","category-politica","tag-adan-augusto-lopez","tag-alejandro-moreno","tag-portada","wp-image-borders"],"amp_enabled":true,"_links":{"self":[{"href":"https:\/\/nvnoticias.mx\/index.php\/wp-json\/wp\/v2\/posts\/194950","targetHints":{"allow":["GET"]}}],"collection":[{"href":"https:\/\/nvnoticias.mx\/index.php\/wp-json\/wp\/v2\/posts"}],"about":[{"href":"https:\/\/nvnoticias.mx\/index.php\/wp-json\/wp\/v2\/types\/post"}],"author":[{"embeddable":true,"href":"https:\/\/nvnoticias.mx\/index.php\/wp-json\/wp\/v2\/users\/35"}],"replies":[{"embeddable":true,"href":"https:\/\/nvnoticias.mx\/index.php\/wp-json\/wp\/v2\/comments?post=194950"}],"version-history":[{"count":4,"href":"https:\/\/nvnoticias.mx\/index.php\/wp-json\/wp\/v2\/posts\/194950\/revisions"}],"predecessor-version":[{"id":194955,"href":"https:\/\/nvnoticias.mx\/index.php\/wp-json\/wp\/v2\/posts\/194950\/revisions\/194955"}],"wp:featuredmedia":[{"embeddable":true,"href":"https:\/\/nvnoticias.mx\/index.php\/wp-json\/wp\/v2\/media\/194952"}],"wp:attachment":[{"href":"https:\/\/nvnoticias.mx\/index.php\/wp-json\/wp\/v2\/media?parent=194950"}],"wp:term":[{"taxonomy":"category","embeddable":true,"href":"https:\/\/nvnoticias.mx\/index.php\/wp-json\/wp\/v2\/categories?post=194950"},{"taxonomy":"post_tag","embeddable":true,"href":"https:\/\/nvnoticias.mx\/index.php\/wp-json\/wp\/v2\/tags?post=194950"}],"curies":[{"name":"wp","href":"https:\/\/api.w.org\/{rel}","templated":true}]}}