{"id":19490,"date":"2021-07-26T12:54:01","date_gmt":"2021-07-26T17:54:01","guid":{"rendered":"https:\/\/nvnoticias.mx\/?p=19490"},"modified":"2021-07-26T12:54:02","modified_gmt":"2021-07-26T17:54:02","slug":"belinda-revela-que-da-positivo-a-covid-19","status":"publish","type":"post","link":"https:\/\/nvnoticias.mx\/index.php\/2021\/07\/26\/belinda-revela-que-da-positivo-a-covid-19\/","title":{"rendered":"Belinda revela que da positivo a COVID-19"},"content":{"rendered":"\n<p>La famosa cantante, jueza de la voz y actual comprometida de Christian Nodal, fue v\u00edctima por el coronavirus, puesto que la interprete dio positivo al covid-19, esto fue luego de regresar de Espa\u00f1a a M\u00e9xico, as\u00ed lo informaron en el programa Hoy de Televisa. Durante la transmisi\u00f3n en vivo del programa Hoy, se dieron a conocer que los rumores sobre el contagio de Belinda de covid-19 era cierto. <\/p>\n\n\n\n<p>Belinda hizo unos tweets referente al tema, que de inmediato puso a sus fans preocupados por su salud. A su vez, su pareja, Christian Nodal no se ha pronunciado al respecto, solamente se sabe que ha pospuesto compromisos que ya tenia agendados debido a posible contagio. <\/p>\n\n\n\n<figure class=\"wp-block-embed is-type-rich is-provider-twitter wp-block-embed-twitter\"><div class=\"wp-block-embed__wrapper\">\n<blockquote class=\"twitter-tweet\" data-width=\"550\" data-dnt=\"true\"><p lang=\"es\" dir=\"ltr\">Buenos d\u00edas <a href=\"https:\/\/t.co\/DtG6g6ot7l\">pic.twitter.com\/DtG6g6ot7l<\/a><\/p>&mdash; Belinda (@belindapop) <a href=\"https:\/\/twitter.com\/belindapop\/status\/1414999002299383816?ref_src=twsrc%5Etfw\">July 13, 2021<\/a><\/blockquote><script async src=\"https:\/\/platform.twitter.com\/widgets.js\" charset=\"utf-8\"><\/script>\n<\/div><\/figure>\n\n\n\n<p>Fuente: Milenio <\/p>\n","protected":false},"excerpt":{"rendered":"<p>La famosa cantante, jueza de la voz y actual comprometida de Christian Nodal, fue v\u00edctima por el coronavirus, puesto que la interprete dio positivo al covid-19, esto fue luego de regresar de Espa\u00f1a a M\u00e9xico, as\u00ed lo informaron en el programa Hoy de Televisa. Durante la transmisi\u00f3n en vivo del programa Hoy, se dieron a [&hellip;]<\/p>\n","protected":false},"author":35,"featured_media":19491,"comment_status":"open","ping_status":"open","sticky":false,"template":"","format":"standard","meta":{"_monsterinsights_skip_tracking":false,"_monsterinsights_sitenote_active":false,"_monsterinsights_sitenote_note":"","_monsterinsights_sitenote_category":0,"footnotes":""},"categories":[576],"tags":[1705,3953,175],"class_list":["post-19490","post","type-post","status-publish","format-standard","has-post-thumbnail","hentry","category-ocio","tag-belinda","tag-christian-nodal","tag-covid-19","wp-image-borders"],"amp_enabled":true,"_links":{"self":[{"href":"https:\/\/nvnoticias.mx\/index.php\/wp-json\/wp\/v2\/posts\/19490","targetHints":{"allow":["GET"]}}],"collection":[{"href":"https:\/\/nvnoticias.mx\/index.php\/wp-json\/wp\/v2\/posts"}],"about":[{"href":"https:\/\/nvnoticias.mx\/index.php\/wp-json\/wp\/v2\/types\/post"}],"author":[{"embeddable":true,"href":"https:\/\/nvnoticias.mx\/index.php\/wp-json\/wp\/v2\/users\/35"}],"replies":[{"embeddable":true,"href":"https:\/\/nvnoticias.mx\/index.php\/wp-json\/wp\/v2\/comments?post=19490"}],"version-history":[{"count":1,"href":"https:\/\/nvnoticias.mx\/index.php\/wp-json\/wp\/v2\/posts\/19490\/revisions"}],"predecessor-version":[{"id":19492,"href":"https:\/\/nvnoticias.mx\/index.php\/wp-json\/wp\/v2\/posts\/19490\/revisions\/19492"}],"wp:featuredmedia":[{"embeddable":true,"href":"https:\/\/nvnoticias.mx\/index.php\/wp-json\/wp\/v2\/media\/19491"}],"wp:attachment":[{"href":"https:\/\/nvnoticias.mx\/index.php\/wp-json\/wp\/v2\/media?parent=19490"}],"wp:term":[{"taxonomy":"category","embeddable":true,"href":"https:\/\/nvnoticias.mx\/index.php\/wp-json\/wp\/v2\/categories?post=19490"},{"taxonomy":"post_tag","embeddable":true,"href":"https:\/\/nvnoticias.mx\/index.php\/wp-json\/wp\/v2\/tags?post=19490"}],"curies":[{"name":"wp","href":"https:\/\/api.w.org\/{rel}","templated":true}]}}