{"id":194727,"date":"2025-09-22T09:36:49","date_gmt":"2025-09-22T15:36:49","guid":{"rendered":"https:\/\/nvnoticias.mx\/?p=194727"},"modified":"2025-09-22T09:36:52","modified_gmt":"2025-09-22T15:36:52","slug":"el-espejo-roto-de-la-imagen-femenina-en-mexico","status":"publish","type":"post","link":"https:\/\/nvnoticias.mx\/index.php\/2025\/09\/22\/el-espejo-roto-de-la-imagen-femenina-en-mexico\/","title":{"rendered":"El espejo roto de la imagen femenina en M\u00e9xico"},"content":{"rendered":"\n<p><\/p>\n\n\n\n<p><\/p>\n\n\n\n<figure class=\"wp-block-pullquote\"><blockquote><p>Alguien como t\u00fa.<br><strong>Gladys P\u00e9rez Maldonado.<\/strong><\/p><\/blockquote><\/figure>\n\n\n\n<p><em>El<\/em> <em>D\u00eda Latinoamericano de la Imagen de las Mujeres en los Medios de Comunicaci\u00f3n<\/em>, se conmemora cada 14 de septiembre, una fecha instaurada en 1990 durante el V Encuentro Feminista Latinoamericano y del Caribe. Su objetivo es visibilizar c\u00f3mo los medios reproducen desigualdades de g\u00e9nero y demandar transformaciones en las representaciones que influyen, d\u00eda a d\u00eda, en la forma en que las sociedades entienden a las mujeres.<\/p>\n\n\n\n<p>M\u00e9xico ha experimentado avances importantes en materia de g\u00e9nero, sin embargo, persisten desigualdades considerables en c\u00f3mo los medios representan a las mujeres, esto es, su visibilidad, los roles asignados, la autoridad de sus voces y el grado en que se reproducen estereotipos.<\/p>\n\n\n\n<p>Uno de los aspectos m\u00e1s alarmantes es la escasa presencia de mujeres en puestos de decisi\u00f3n dentro de los medios de comunicaci\u00f3n. El informe 2025 de Reuters Institute reporta que s\u00f3lo el 11 % de los principales medios en M\u00e9xico est\u00e1n dirigidos por una mujer. Esto contrasta con pa\u00edses que han logrado triplicar esa proporci\u00f3n.<\/p>\n\n\n\n<p>Si las mujeres no ocupan posiciones de liderazgo editorial, dif\u00edcilmente podr\u00e1n transformar las narrativas medi\u00e1ticas que las siguen representando desde perspectivas masculinas. Este d\u00e9ficit no es solo un problema de <em>falta de representaci\u00f3n<\/em>, sino de poder simb\u00f3lico, quien decide qu\u00e9 se publica y c\u00f3mo se enmarca, define la agenda p\u00fablica. En este sentido, la ausencia de mujeres l\u00edderes en medios mexicanos es tambi\u00e9n la exclusi\u00f3n de sus voces de la esfera p\u00fablica.<\/p>\n\n\n\n<p>La publicidad mexicana reproduce de manera reiterada roles limitantes, Kantar M\u00e9xico en 2024 revel\u00f3 que 76 % de las mujeres considera que los anuncios siguen transmitiendo estereotipos, a pesar de que 88 % de las y los mercad\u00f3logos aseguran que producen campa\u00f1as incluyentes. Este desfase demuestra un ejercicio superficial de <em>inclusi\u00f3n<\/em> que muchas veces termina en <em>pinkwashing<\/em>: anuncios que aparentan diversidad sin cuestionar la ra\u00edz de las narrativas sexistas.<\/p>\n\n\n\n<p>Los datos del Instituto Federal de Telecomunicaciones en relaci\u00f3n con la publicidad de juguetes televisivos lo confirman, el 58 % de los comerciales dirigidos a ni\u00f1as y ni\u00f1os refuerzan estereotipos de g\u00e9nero. A las ni\u00f1as se les asigna el mundo de la belleza, el cuidado y lo emocional; a los ni\u00f1os, el espacio de la acci\u00f3n, la ciencia y el poder. Estos patrones no son anecd\u00f3ticos, constituyen un andamiaje cultural que moldea identidades desde la infancia.<\/p>\n\n\n\n<p>Los medios mexicanos tambi\u00e9n suelen recurrir a una doble representaci\u00f3n, o invisibilizan a las mujeres, o las muestran mayoritariamente en condici\u00f3n de v\u00edctimas. Un estudio sobre la cobertura de feminicidios en la prensa digital mexicana, realizada recientemente por la Universidad Nacional Aut\u00f3noma de M\u00e9xico (UNAM), evidenci\u00f3 que la mayor\u00eda de las notas enfatizan el acto violento y los aspectos morbosos, dejando de lado las causas estructurales de la violencia de g\u00e9nero. Esta pr\u00e1ctica contribuye a la desensibilizaci\u00f3n social y a la revictimizaci\u00f3n.<\/p>\n\n\n\n<p>En espacios pol\u00edticos o de an\u00e1lisis econ\u00f3mico, la voz de las mujeres es secundaria, son menos citadas como expertas, menos entrevistadas en temas <em>duros<\/em> y, cuando aparecen, suele ser en rubros considerados <em>blandos <\/em>como salud, educaci\u00f3n, familia, entre otros. Esta exclusi\u00f3n discursiva implica que, aun estando presentes en la vida p\u00fablica, las mujeres son representadas en los medios como actores perif\u00e9ricos.<\/p>\n\n\n\n<p>El problema de la imagen medi\u00e1tica no es aislado, se sostiene en desigualdades materiales. Seg\u00fan la Encuesta Nacional de Ocupaci\u00f3n y Empleo 2025 (ENOE), las mujeres mexicanas ganan entre 14 % y 18 % menos que los hombres por trabajos equivalentes. Esta desigualdad limita su poder adquisitivo y tambi\u00e9n su acceso a roles de liderazgo en industrias medi\u00e1ticas, que suelen ser altamente competitivas y concentradas en las \u00e9lites urbanas.<\/p>\n\n\n\n<p>Si las mujeres carecen de los mismos recursos y redes para financiar proyectos medi\u00e1ticos propios, su imagen seguir\u00e1 controlada por estructuras empresariales masculinizadas. La brecha econ\u00f3mica se traduce, por tanto, en brecha simb\u00f3lica.<\/p>\n\n\n\n<p>Las redes sociales y plataformas digitales parec\u00edan abrir un espacio democratizador. Hoy las mujeres mexicanas consumen masivamente contenido digital, 88 % en redes sociales, 87 % en video online y 84 % en streaming, seg\u00fan datos de Kantar. Sin embargo, esta expansi\u00f3n no ha significado necesariamente representaciones m\u00e1s justas.<\/p>\n\n\n\n<p>En Instagram o TikTok proliferan im\u00e1genes hipersexualizadas y modelos de belleza inalcanzables, reforzados por algoritmos que premian el contenido est\u00e9tico por encima del discursivo. La modernidad tecnol\u00f3gica, lejos de corregir los vicios tradicionales de los medios, los ha reconfigurado y amplificado. Ahora los estereotipos circulan m\u00e1s r\u00e1pido y con mayor alcance.<\/p>\n\n\n\n<p>M\u00e9xico ha realizado esfuerzos institucionales al respecto, como lineamientos del Instituto Federal de Telecomunicaciones (IFT) y campa\u00f1as de la Secretar\u00eda de Gobernaci\u00f3n sobre comunicaci\u00f3n incluyente. No obstante, su alcance es limitado y su cumplimiento, desigual. Los observatorios medi\u00e1ticos carecen de recursos y las sanciones son pr\u00e1cticamente inexistentes.<\/p>\n\n\n\n<p>No obstante, en la pr\u00e1ctica, los medios se autorregulan bajo intereses comerciales, mientras vender publicidad siga siendo la prioridad, las representaciones estereotipadas de mujeres ser\u00e1n \u00fatiles, ya que generan identificaci\u00f3n r\u00e1pida, refuerzan valores tradicionales y aseguran ventas. De poco sirve una pol\u00edtica p\u00fablica bien intencionada si no va acompa\u00f1ada de mecanismos efectivos de fiscalizaci\u00f3n y sanci\u00f3n.<\/p>\n\n\n\n<p>Desde la mirada cr\u00edtica de <em>Alguien como t\u00fa<\/em> proponemos algunas l\u00edneas de acci\u00f3n impostergables, que obliga a reconocer que los cambios discursivos en los medios no ser\u00e1n espont\u00e1neos, &nbsp;se requieren estrategias estructurales:<\/p>\n\n\n\n<p>&nbsp;&nbsp;&nbsp;&nbsp;&nbsp;&nbsp;&nbsp;&nbsp;&nbsp; 1. Cuotas de g\u00e9nero en liderazgo editorial: no basta con buena voluntad; se necesitan compromisos claros en redacciones y medios nacionales. 2. Regulaci\u00f3n firme de la publicidad sexista: con sanciones econ\u00f3micas y monitoreo independiente. 3. Formaci\u00f3n en perspectiva de g\u00e9nero para periodistas y publicistas: la transformaci\u00f3n cultural empieza en quienes producen los contenidos.<\/p>\n\n\n\n<p>4. Impulso a medios alternativos y comunitarios liderados por mujeres: democratizar la voz medi\u00e1tica implica diversificar los espacios de producci\u00f3n simb\u00f3lica. 5. Consumo cr\u00edtico de la audiencia: sin exigencia ciudadana, las industrias medi\u00e1ticas no cambiar\u00e1n sus pr\u00e1cticas.<\/p>\n\n\n\n<p>El <em>D\u00eda Latinoamericano de la Imagen de las Mujeres en los Medios de Comunicaci\u00f3n<\/em> no debe reducirse a un recordatorio simb\u00f3lico, sino convertirse en un espacio de denuncia y exigencia. Los datos recientes de M\u00e9xico revelan que la supuesta inclusi\u00f3n medi\u00e1tica convive con estereotipos persistentes, liderazgo masculino excluyente y narrativas que subordinan a las mujeres.<\/p>\n\n\n\n<p>Hablar de igualdad en los medios implica cuestionar su l\u00f3gica comercial, sus jerarqu\u00edas editoriales y su complicidad con el patriarcado. La transformaci\u00f3n no ser\u00e1 autom\u00e1tica ni superficial, exige pol\u00edticas p\u00fablicas efectivas, voluntad empresarial y, sobre todo, una sociedad dispuesta a rechazar representaciones injustas. Mientras las mujeres no sean protagonistas de su propia imagen en los medios, la conmemoraci\u00f3n del 14 de septiembre seguir\u00e1 siendo m\u00e1s un reclamo pendiente que una celebraci\u00f3n\u2026<\/p>\n","protected":false},"excerpt":{"rendered":"<p>Alguien como t\u00fa.Gladys P\u00e9rez Maldonado. El D\u00eda Latinoamericano de la Imagen de las Mujeres en los Medios de Comunicaci\u00f3n, se conmemora cada 14 de septiembre, una fecha instaurada en 1990 durante el V Encuentro Feminista Latinoamericano y del Caribe. Su objetivo es visibilizar c\u00f3mo los medios reproducen desigualdades de g\u00e9nero y demandar transformaciones en las [&hellip;]<\/p>\n","protected":false},"author":45,"featured_media":194728,"comment_status":"open","ping_status":"open","sticky":false,"template":"","format":"standard","meta":{"_monsterinsights_skip_tracking":false,"_monsterinsights_sitenote_active":false,"_monsterinsights_sitenote_note":"","_monsterinsights_sitenote_category":0,"footnotes":""},"categories":[15405],"tags":[15415],"class_list":["post-194727","post","type-post","status-publish","format-standard","has-post-thumbnail","hentry","category-alguien-como-tu","tag-gladys-perez-maldonado","wp-image-borders"],"amp_enabled":true,"_links":{"self":[{"href":"https:\/\/nvnoticias.mx\/index.php\/wp-json\/wp\/v2\/posts\/194727","targetHints":{"allow":["GET"]}}],"collection":[{"href":"https:\/\/nvnoticias.mx\/index.php\/wp-json\/wp\/v2\/posts"}],"about":[{"href":"https:\/\/nvnoticias.mx\/index.php\/wp-json\/wp\/v2\/types\/post"}],"author":[{"embeddable":true,"href":"https:\/\/nvnoticias.mx\/index.php\/wp-json\/wp\/v2\/users\/45"}],"replies":[{"embeddable":true,"href":"https:\/\/nvnoticias.mx\/index.php\/wp-json\/wp\/v2\/comments?post=194727"}],"version-history":[{"count":2,"href":"https:\/\/nvnoticias.mx\/index.php\/wp-json\/wp\/v2\/posts\/194727\/revisions"}],"predecessor-version":[{"id":194730,"href":"https:\/\/nvnoticias.mx\/index.php\/wp-json\/wp\/v2\/posts\/194727\/revisions\/194730"}],"wp:featuredmedia":[{"embeddable":true,"href":"https:\/\/nvnoticias.mx\/index.php\/wp-json\/wp\/v2\/media\/194728"}],"wp:attachment":[{"href":"https:\/\/nvnoticias.mx\/index.php\/wp-json\/wp\/v2\/media?parent=194727"}],"wp:term":[{"taxonomy":"category","embeddable":true,"href":"https:\/\/nvnoticias.mx\/index.php\/wp-json\/wp\/v2\/categories?post=194727"},{"taxonomy":"post_tag","embeddable":true,"href":"https:\/\/nvnoticias.mx\/index.php\/wp-json\/wp\/v2\/tags?post=194727"}],"curies":[{"name":"wp","href":"https:\/\/api.w.org\/{rel}","templated":true}]}}