{"id":194717,"date":"2025-09-22T09:28:14","date_gmt":"2025-09-22T15:28:14","guid":{"rendered":"https:\/\/nvnoticias.mx\/?p=194717"},"modified":"2025-09-22T09:31:41","modified_gmt":"2025-09-22T15:31:41","slug":"la-barredora-debe-hacer-limpia-en-gobierno-y-partidos","status":"publish","type":"post","link":"https:\/\/nvnoticias.mx\/index.php\/2025\/09\/22\/la-barredora-debe-hacer-limpia-en-gobierno-y-partidos\/","title":{"rendered":"La barredora debe hacer limpia en gobierno y partidos"},"content":{"rendered":"\n<p><\/p>\n\n\n\n<figure class=\"wp-block-pullquote\"><blockquote><p><strong>MACROSCOPIO<\/strong><br><strong>Edgard Gonz\u00e1lez Su\u00e1rez<\/strong><\/p><\/blockquote><\/figure>\n\n\n\n<p>La detenci\u00f3n y posterior traslado de Hern\u00e1n Berm\u00fadez Requena a la ciudad de M\u00e9xico, que ha sido se\u00f1alado como presunto l\u00edder de <em>La Barredora<\/em>, pero lo que si es un hecho es que fue exsecretario de Seguridad P\u00fablica de Tabasco, bajo el mando de Ad\u00e1n Augusto L\u00f3pez Hern\u00e1ndez, y por este solo hecho tiene implicaciones pol\u00edticas de un gran alcance que podr\u00edan \u201cbarrer\u201d y limpiar a varios gobiernos y partidos.<\/p>\n\n\n\n<p>Se pueden observar a simple vista cinco grandes consecuencias:<\/p>\n\n\n\n<p>1. <strong>Impacto positivo en la imagen y narrativa del gobierno federal.<\/strong><\/p>\n\n\n\n<p>Es casi seguro que de ir al fondo de este asunto de la barredora como se ya se comprometi\u00f3 la presidenta de nuestro pa\u00eds, su imagen y popularidad se vea favorecida y beneficiada, no solo por la captura, detenci\u00f3n y traslado de Berm\u00fadez Requena, sino por la serie de detenciones o el desmantelamiento de esa presunta banda criminal<\/p>\n\n\n\n<p>Al mismo tiempo, esta imagen y narrativa de que nadie en este pa\u00eds deber\u00eda ser impune, abona a la legitimaci\u00f3n nacional e internacional del Gobierno, al presentarse en todas estas acciones como un gobierno que coopera y lucha contra el crimen organizado y persigue a sus miembros incluso fuera del territorio nacional.<\/p>\n\n\n\n<p>2.<strong>\u00a0Debilitamiento de sus adversarios pol\u00edticos herencia del Gobierno anterior.<\/strong><\/p>\n\n\n\n<p>El principal damnificado pol\u00edtico y, a\u00fan no sabemos si tambi\u00e9n judicial, ser\u00eda Ad\u00e1n Augusto L\u00f3pez, ex gobernador de Tabasco y ex secretario de Gobernaci\u00f3n con L\u00f3pez Obrador y quien se encuentra bajo la mira de propios y extra\u00f1os. Hern\u00e1nBerm\u00fadez fue parte de su gabinete en Tabasco. Y aunque no hay pruebas directas contra \u00e9l, la l\u00f3gica pol\u00edtica podr\u00eda develar el origen de las carretadas de dinero que exhibi\u00f3 durante su precampa\u00f1a a la presidencia de la Rep\u00fablica. Esto sin duda lo pondr\u00eda en una situaci\u00f3n a\u00fan m\u00e1s dif\u00edcil de la que se encuentra en este momento, donde pr\u00e1cticamente sus aspiraciones han quedado sepultadas por esa detenci\u00f3n.<\/p>\n\n\n\n<p>Los malquerientes de la 4T, torpes, sin discurso, sin programa, sin alternativa, rezan que el efecto de la barredora se lleve entre las repercusiones la legitimidad y credibilidad de la 4T. El caso ha servido de cera y pabilo para el sindicato de bulos y mentiras que intentan a toda costa desprestigiar a MORENA intentando exigir la quema en le\u00f1a verde de Ad\u00e1n Augusto y enfrentando al mismo tiempo a quienes buscan un control de da\u00f1os menos letal, justo y precisamente, cuando se acerca el segundo a\u00f1o del sexenio y se perfilan las elecciones intermedias de 2027.<\/p>\n\n\n\n<p>3. <strong>Identificaci\u00f3n de las redes pol\u00edtico-criminales en el sur del pa\u00eds.<\/strong><\/p>\n\n\n\n<p>Por los \u00faltimos acontecimientos, la negativa de Requena a declarar, en este momento podr\u00eda ser parte de una estrategia jur\u00eddica, sin embargo, nada impide a Hern\u00e1n o el \u201cabuelo\u201d a colaborar con las autoridades, revelar sus v\u00ednculos y negocios con otros funcionarios, lo que equivaldr\u00eda a delatar a sus asociados y podr\u00eda desatar una persecuci\u00f3n hacia adentro y hacia afuera de esa banda criminal. Por otro lado, dada la penetraci\u00f3n de las instituciones del gobierno por parte de las bandas criminales esto deber\u00eda obligar a revisar c\u00f3mo se seleccionan altos mandos en seguridad p\u00fablica, y en otras esferas del gobierno municipal, estatal y federal.<\/p>\n\n\n\n<p>4. <strong>Una prueba para el poder judicial.<\/strong><\/p>\n\n\n\n<p>Este sin duda ser\u00e1 una prueba de fuego para el nuevo poder judicial, no solo por sus implicaciones criminales, sino por las esferas pol\u00edticas que pueden estar conectadas con dicha banda criminal. La sociedad espera un proceso judicial transparente, expedito, justo y eficaz. Un fallo duro, pero sin buenos fundamentos podr\u00eda dejar al poder judicial bajo el control y yugo del poder pol\u00edtico, un fallo leguleyo y protector con ciertas personalidades podr\u00eda generar mucha desconfianza en la nueva justicia en el pa\u00eds.<\/p>\n\n\n\n<p>El Gobierno ya acuso, ya detuvo e hizo el traslado, el \u201cabuelo\u201d se encuentra detenido en una c\u00e1rcel de alta seguridad, ahora la Fiscal\u00eda deber\u00e1 probar sus acusaciones y el Poder Judicial actuar bajo estrictos criterios jur\u00eddicos y que estar\u00e1 bajo la vigilancia de la ciudadan\u00eda.<\/p>\n\n\n\n<p>5. <strong>Cuando veas las barbas de tu vecino cortar pon las tuyas a remojar<\/strong><\/p>\n\n\n\n<p>El final del tema de la barredora ser\u00e1 determinante para el buen gobierno y estabilidad pol\u00edtica en el pa\u00eds. Las acciones comprometidas para enfrentar a la criminalidad deber\u00e1n ir hasta sus \u00faltimas consecuencias. Podr\u00eda servir de ejemplo, aunque tambi\u00e9n podr\u00eda servir para establecer un enfrentamiento directo con el estado de parte de las bandas criminales: narcotr\u00e1fico, trata de mujeres, migrantes, factureras, huachicol, robo de tr\u00e1ileres, extorsiones, fraudes cibern\u00e9ticos, evasi\u00f3n de impuestos, etc., etc.<\/p>\n\n\n\n<p>La Barredora del Gobierno deber\u00e1 ir hasta sus ultimas consecuencias y hacer una limpia en gobiernos y partidos.<\/p>\n","protected":false},"excerpt":{"rendered":"<p>MACROSCOPIOEdgard Gonz\u00e1lez Su\u00e1rez La detenci\u00f3n y posterior traslado de Hern\u00e1n Berm\u00fadez Requena a la ciudad de M\u00e9xico, que ha sido se\u00f1alado como presunto l\u00edder de La Barredora, pero lo que si es un hecho es que fue exsecretario de Seguridad P\u00fablica de Tabasco, bajo el mando de Ad\u00e1n Augusto L\u00f3pez Hern\u00e1ndez, y por este solo [&hellip;]<\/p>\n","protected":false},"author":26,"featured_media":194718,"comment_status":"open","ping_status":"open","sticky":false,"template":"","format":"standard","meta":{"_monsterinsights_skip_tracking":false,"_monsterinsights_sitenote_active":false,"_monsterinsights_sitenote_note":"","_monsterinsights_sitenote_category":0,"footnotes":""},"categories":[242],"tags":[702],"class_list":["post-194717","post","type-post","status-publish","format-standard","has-post-thumbnail","hentry","category-macroscopio","tag-edgard-gonzalez-suarez","wp-image-borders"],"amp_enabled":true,"_links":{"self":[{"href":"https:\/\/nvnoticias.mx\/index.php\/wp-json\/wp\/v2\/posts\/194717","targetHints":{"allow":["GET"]}}],"collection":[{"href":"https:\/\/nvnoticias.mx\/index.php\/wp-json\/wp\/v2\/posts"}],"about":[{"href":"https:\/\/nvnoticias.mx\/index.php\/wp-json\/wp\/v2\/types\/post"}],"author":[{"embeddable":true,"href":"https:\/\/nvnoticias.mx\/index.php\/wp-json\/wp\/v2\/users\/26"}],"replies":[{"embeddable":true,"href":"https:\/\/nvnoticias.mx\/index.php\/wp-json\/wp\/v2\/comments?post=194717"}],"version-history":[{"count":4,"href":"https:\/\/nvnoticias.mx\/index.php\/wp-json\/wp\/v2\/posts\/194717\/revisions"}],"predecessor-version":[{"id":194726,"href":"https:\/\/nvnoticias.mx\/index.php\/wp-json\/wp\/v2\/posts\/194717\/revisions\/194726"}],"wp:featuredmedia":[{"embeddable":true,"href":"https:\/\/nvnoticias.mx\/index.php\/wp-json\/wp\/v2\/media\/194718"}],"wp:attachment":[{"href":"https:\/\/nvnoticias.mx\/index.php\/wp-json\/wp\/v2\/media?parent=194717"}],"wp:term":[{"taxonomy":"category","embeddable":true,"href":"https:\/\/nvnoticias.mx\/index.php\/wp-json\/wp\/v2\/categories?post=194717"},{"taxonomy":"post_tag","embeddable":true,"href":"https:\/\/nvnoticias.mx\/index.php\/wp-json\/wp\/v2\/tags?post=194717"}],"curies":[{"name":"wp","href":"https:\/\/api.w.org\/{rel}","templated":true}]}}