{"id":19462,"date":"2021-07-26T09:23:26","date_gmt":"2021-07-26T14:23:26","guid":{"rendered":"https:\/\/nvnoticias.mx\/?p=19462"},"modified":"2021-07-26T09:23:28","modified_gmt":"2021-07-26T14:23:28","slug":"afirma-amlo-que-tercera-ola-covid-es-menos-danina","status":"publish","type":"post","link":"https:\/\/nvnoticias.mx\/index.php\/2021\/07\/26\/afirma-amlo-que-tercera-ola-covid-es-menos-danina\/","title":{"rendered":"Afirma AMLO que tercera ola covid es menos da\u00f1ina"},"content":{"rendered":"\n<p>El presidente Andr\u00e9s Manuel L\u00f3pez Obrador dijo que la tercera ola de covid-19 es menos da\u00f1ina, por lo que descart\u00f3 cierres de negocios como ocurri\u00f3 al inicio de la pandemia, pues, dijo, \u201cya sabemos cuidarnos\u201d y no se debe exagerar con medidas autoritarias.&nbsp;&nbsp;<\/p>\n\n\n\n<p>Desde Veracruz, coment\u00f3 que esta etapa de contagios no es igual a la primera ni segunda ola, sino que \u201ces de menor intensidad y tambi\u00e9n menos da\u00f1ina porque tenemos menos hospitalizaciones y lo m\u00e1s importante de todo, menos fallecidos\u201d.&nbsp;&nbsp;<\/p>\n\n\n\n<blockquote class=\"wp-block-quote is-layout-flow wp-block-quote-is-layout-flow\"><p>&#8220;No vamos a tomar ninguna decisi\u00f3n de cierre, ya sabemos cuidarnos todos, fue mucha la informaci\u00f3n que hemos recibido.\u00a0Adem\u00e1s,\u00a0desde el principio he dicho que somos mayores de edad, tenemos que cuidarnos y garantizar la libertad, no exagerar con medidas autoritarias, no hubo toque de queda, no\u00a0hubieron\u00a0medidas dr\u00e1sticas ni en los peores momentos.\u00a0\u00a0<\/p><p><\/p><p>&#8220;Actuamos con mucha prudencia, equilibrando libertad, econom\u00eda y salud porque todo es importante, claro m\u00e1s importante es salvar vidas, la\u00a0salud\u00a0pero tambi\u00e9n no hay que exagerar con medidas que muchas veces tampoco ayudan sino lo que demuestran es que hay un af\u00e1n autoritario&#8221;.\u00a0\u00a0<\/p><\/blockquote>\n\n\n\n<p>L\u00f3pez Obrador se\u00f1al\u00f3 que el rebrote por covid-19 est\u00e1 afectando m\u00e1s a los j\u00f3venes \u201cy esto tiene mucho que ver porque la poblaci\u00f3n adulta ya est\u00e1 vacunada\u201d, lo que a decir del presidente demuestra que fue adecuada vacunar contra el coronavirus primero a los adultos mayores.\u00a0\u00a0<\/p>\n\n\n\n<p>Fuente: <a href=\"https:\/\/www.milenio.com\/politica\/amlo-dice-que-tercera-ola-de-covid-19-es-menos-danina\">Milenio<\/a><\/p>\n","protected":false},"excerpt":{"rendered":"<p>El presidente Andr\u00e9s Manuel L\u00f3pez Obrador dijo que la tercera ola de covid-19 es menos da\u00f1ina, por lo que descart\u00f3 cierres de negocios como ocurri\u00f3 al inicio de la pandemia, pues, dijo, \u201cya sabemos cuidarnos\u201d y no se debe exagerar con medidas autoritarias.&nbsp;&nbsp; Desde Veracruz, coment\u00f3 que esta etapa de contagios no es igual a [&hellip;]<\/p>\n","protected":false},"author":6,"featured_media":19464,"comment_status":"open","ping_status":"open","sticky":false,"template":"","format":"standard","meta":{"_monsterinsights_skip_tracking":false,"_monsterinsights_sitenote_active":false,"_monsterinsights_sitenote_note":"","_monsterinsights_sitenote_category":0,"footnotes":""},"categories":[157],"tags":[188,175,162,2436],"class_list":["post-19462","post","type-post","status-publish","format-standard","has-post-thumbnail","hentry","category-nacional","tag-amlo","tag-covid-19","tag-portada","tag-tercera-ola","wp-image-borders"],"amp_enabled":true,"_links":{"self":[{"href":"https:\/\/nvnoticias.mx\/index.php\/wp-json\/wp\/v2\/posts\/19462","targetHints":{"allow":["GET"]}}],"collection":[{"href":"https:\/\/nvnoticias.mx\/index.php\/wp-json\/wp\/v2\/posts"}],"about":[{"href":"https:\/\/nvnoticias.mx\/index.php\/wp-json\/wp\/v2\/types\/post"}],"author":[{"embeddable":true,"href":"https:\/\/nvnoticias.mx\/index.php\/wp-json\/wp\/v2\/users\/6"}],"replies":[{"embeddable":true,"href":"https:\/\/nvnoticias.mx\/index.php\/wp-json\/wp\/v2\/comments?post=19462"}],"version-history":[{"count":1,"href":"https:\/\/nvnoticias.mx\/index.php\/wp-json\/wp\/v2\/posts\/19462\/revisions"}],"predecessor-version":[{"id":19463,"href":"https:\/\/nvnoticias.mx\/index.php\/wp-json\/wp\/v2\/posts\/19462\/revisions\/19463"}],"wp:featuredmedia":[{"embeddable":true,"href":"https:\/\/nvnoticias.mx\/index.php\/wp-json\/wp\/v2\/media\/19464"}],"wp:attachment":[{"href":"https:\/\/nvnoticias.mx\/index.php\/wp-json\/wp\/v2\/media?parent=19462"}],"wp:term":[{"taxonomy":"category","embeddable":true,"href":"https:\/\/nvnoticias.mx\/index.php\/wp-json\/wp\/v2\/categories?post=19462"},{"taxonomy":"post_tag","embeddable":true,"href":"https:\/\/nvnoticias.mx\/index.php\/wp-json\/wp\/v2\/tags?post=19462"}],"curies":[{"name":"wp","href":"https:\/\/api.w.org\/{rel}","templated":true}]}}