{"id":194537,"date":"2025-09-20T10:35:03","date_gmt":"2025-09-20T16:35:03","guid":{"rendered":"https:\/\/nvnoticias.mx\/?p=194537"},"modified":"2025-09-20T10:35:07","modified_gmt":"2025-09-20T16:35:07","slug":"muere-en-ataque-armado-jonathan-speedy-gonzalez-exfutbolista-del-club-leon","status":"publish","type":"post","link":"https:\/\/nvnoticias.mx\/index.php\/2025\/09\/20\/muere-en-ataque-armado-jonathan-speedy-gonzalez-exfutbolista-del-club-leon\/","title":{"rendered":"Muere en ataque armado Jonathan &#8216;Speedy&#8217; Gonz\u00e1lez, exfutbolista del Club Le\u00f3n"},"content":{"rendered":"\n<p><\/p>\n\n\n\n<p>El centrocampista Jonathan &#8216;Speedy&#8217; Gonz\u00e1lez, del club 22 de Julio, que disputa la segunda divisi\u00f3n de Ecuador, fue asesinado este viernes en la ciudad de Esmeraldas, tras un ataque armado, seg\u00fan confirm\u00f3 en un comunicado la Federaci\u00f3n Ecuatoriana de F\u00fatbol (FEF).<\/p>\n\n\n\n<p>La Federaci\u00f3n lament\u00f3 con el deceso y expres\u00f3 su pesar hacia la familia del jugador, sus compa\u00f1eros y a todos los miembros del club 22 de Julio.<\/p>\n\n\n\n<p>De acuerdo a la Polic\u00eda, Gonz\u00e1lez fue acribillado a disparos dentro de su domicilio, ubicado en un sector denominado Vista al Mar, de la ciudad de Esmeraldas. En el ataque qued\u00f3 herida otra persona que muri\u00f3 cuando era trasladada a un centro m\u00e9dico.<\/p>\n\n\n\n<p>Gonz\u00e1lez, de 31 a\u00f1os, jug\u00f3 hasta el martes pasado con el 22 de Julio frente al Cumbay\u00e1, de Quito, y se entrenaba con su equipo en Esmeraldas para enfrentarse el pr\u00f3ximo domingo a domicilio del Imbabura.<\/p>\n\n\n\n<p>El futbolista hab\u00eda formado parte de la selecci\u00f3n ecuatoriana sub-20 y lleg\u00f3 a ser convocado en varias ocasiones a la selecci\u00f3n absoluta de Ecuador, con la que disput\u00f3 la Copa Am\u00e9rica de Chile 2015.<\/p>\n\n\n\n<p>Debut\u00f3 con el Independiente del Valle en el a\u00f1o 2013, jug\u00f3 en M\u00e9xico con Leones Negros, Le\u00f3n, Dorados y tambi\u00e9n visti\u00f3 la camiseta del Olimpia paraguayo.<\/p>\n\n\n\n<p>Luego volvi\u00f3 a Ecuador para militar en Liga Deportiva Universitaria de Quito, Deportivo Cuenca, Delf\u00edn, Aucas, Mushuc Runa, Vargas Torres y 22 de Julio.<\/p>\n","protected":false},"excerpt":{"rendered":"<p>El centrocampista Jonathan &#8216;Speedy&#8217; Gonz\u00e1lez, del club 22 de Julio, que disputa la segunda divisi\u00f3n de Ecuador, fue asesinado este viernes en la ciudad de Esmeraldas, tras un ataque armado, seg\u00fan confirm\u00f3 en un comunicado la Federaci\u00f3n Ecuatoriana de F\u00fatbol (FEF). La Federaci\u00f3n lament\u00f3 con el deceso y expres\u00f3 su pesar hacia la familia del [&hellip;]<\/p>\n","protected":false},"author":8,"featured_media":194538,"comment_status":"open","ping_status":"open","sticky":false,"template":"","format":"standard","meta":{"_monsterinsights_skip_tracking":false,"_monsterinsights_sitenote_active":false,"_monsterinsights_sitenote_note":"","_monsterinsights_sitenote_category":0,"footnotes":""},"categories":[159],"tags":[1431,32348],"class_list":["post-194537","post","type-post","status-publish","format-standard","has-post-thumbnail","hentry","category-deportes","tag-asesinato","tag-jonathan-gonzalez","wp-image-borders"],"amp_enabled":true,"_links":{"self":[{"href":"https:\/\/nvnoticias.mx\/index.php\/wp-json\/wp\/v2\/posts\/194537","targetHints":{"allow":["GET"]}}],"collection":[{"href":"https:\/\/nvnoticias.mx\/index.php\/wp-json\/wp\/v2\/posts"}],"about":[{"href":"https:\/\/nvnoticias.mx\/index.php\/wp-json\/wp\/v2\/types\/post"}],"author":[{"embeddable":true,"href":"https:\/\/nvnoticias.mx\/index.php\/wp-json\/wp\/v2\/users\/8"}],"replies":[{"embeddable":true,"href":"https:\/\/nvnoticias.mx\/index.php\/wp-json\/wp\/v2\/comments?post=194537"}],"version-history":[{"count":1,"href":"https:\/\/nvnoticias.mx\/index.php\/wp-json\/wp\/v2\/posts\/194537\/revisions"}],"predecessor-version":[{"id":194539,"href":"https:\/\/nvnoticias.mx\/index.php\/wp-json\/wp\/v2\/posts\/194537\/revisions\/194539"}],"wp:featuredmedia":[{"embeddable":true,"href":"https:\/\/nvnoticias.mx\/index.php\/wp-json\/wp\/v2\/media\/194538"}],"wp:attachment":[{"href":"https:\/\/nvnoticias.mx\/index.php\/wp-json\/wp\/v2\/media?parent=194537"}],"wp:term":[{"taxonomy":"category","embeddable":true,"href":"https:\/\/nvnoticias.mx\/index.php\/wp-json\/wp\/v2\/categories?post=194537"},{"taxonomy":"post_tag","embeddable":true,"href":"https:\/\/nvnoticias.mx\/index.php\/wp-json\/wp\/v2\/tags?post=194537"}],"curies":[{"name":"wp","href":"https:\/\/api.w.org\/{rel}","templated":true}]}}