{"id":194530,"date":"2025-09-19T20:15:20","date_gmt":"2025-09-20T02:15:20","guid":{"rendered":"https:\/\/nvnoticias.mx\/?p=194530"},"modified":"2025-09-19T20:15:23","modified_gmt":"2025-09-20T02:15:23","slug":"determinan-prision-para-douglas-costa-por-adeudo-de-pension-alimenticia-a-sus-hijos","status":"publish","type":"post","link":"https:\/\/nvnoticias.mx\/index.php\/2025\/09\/19\/determinan-prision-para-douglas-costa-por-adeudo-de-pension-alimenticia-a-sus-hijos\/","title":{"rendered":"Determinan prisi\u00f3n para Douglas Costa por adeudo de pensi\u00f3n alimenticia a sus hijos"},"content":{"rendered":"\n<p><\/p>\n\n\n\n<p>Un tribunal de familia de Brasil decret\u00f3 la prisi\u00f3n del ex jugador de la selecci\u00f3n brasile\u00f1a Douglas Costa debido a que acumula una elevada deuda por atrasos en el pago de la pensi\u00f3n alimenticia de los hijos.<\/p>\n\n\n\n<p>La informaci\u00f3n fue divulgada por el medio brasile\u00f1o deportivo &#8216;Ge&#8217;, que detall\u00f3 que la deuda que mantiene el ex jugador del Bayern Munich y la Juventus roza los 493 mil reales (aproximadamente 93 mil d\u00f3lares o 78 mil euros).<\/p>\n\n\n\n<p>Su \u00faltimo equipo, el Sidney FC de la liga australiana, anunci\u00f3 este mi\u00e9rcoles la rescisi\u00f3n del contrato del jugador de 35 a\u00f1os &#8220;de mutuo acuerdo&#8221;, debido a sus &#8220;asuntos legales y personales en curso&#8221; en Brasil.<\/p>\n\n\n\n<p>Seg\u00fan informaci\u00f3n de &#8216;Ge&#8217; que tuvo acceso al fallo, el mandato de prisi\u00f3n es v\u00e1lido por dos a\u00f1os y Costa podr\u00eda quedar detenido en cualquier momento. La prisi\u00f3n tiene una duraci\u00f3n de 30 d\u00edas.<\/p>\n\n\n\n<p>Oriundo de Rio Grande do Sul, comenz\u00f3 su carrera en 2007 en Gr\u00eamio, club al que volvi\u00f3 en 2020, y defendi\u00f3 la camiseta del Fluminense en la temporada 2023\/24, aunque la mayor parte de su carrera ha sido en clubes del exterior, como el ucraniano Shakhtar Donetsk.<\/p>\n\n\n\n<p>El centrocampista ya ha enfrentado problemas judiciales por esta misma causa. La Justicia brasile\u00f1a decret\u00f3 su prisi\u00f3n en 2023, cuando integraba las filas del estadounidense Los Angeles Galaxy.<\/p>\n\n\n\n<p><br><\/p>\n","protected":false},"excerpt":{"rendered":"<p>Un tribunal de familia de Brasil decret\u00f3 la prisi\u00f3n del ex jugador de la selecci\u00f3n brasile\u00f1a Douglas Costa debido a que acumula una elevada deuda por atrasos en el pago de la pensi\u00f3n alimenticia de los hijos. La informaci\u00f3n fue divulgada por el medio brasile\u00f1o deportivo &#8216;Ge&#8217;, que detall\u00f3 que la deuda que mantiene el [&hellip;]<\/p>\n","protected":false},"author":8,"featured_media":194536,"comment_status":"open","ping_status":"open","sticky":false,"template":"","format":"standard","meta":{"_monsterinsights_skip_tracking":false,"_monsterinsights_sitenote_active":false,"_monsterinsights_sitenote_note":"","_monsterinsights_sitenote_category":0,"footnotes":""},"categories":[159],"tags":[10192,5953,874],"class_list":["post-194530","post","type-post","status-publish","format-standard","has-post-thumbnail","hentry","category-deportes","tag-douglas-costa","tag-pension-alimenticia","tag-prision","wp-image-borders"],"amp_enabled":true,"_links":{"self":[{"href":"https:\/\/nvnoticias.mx\/index.php\/wp-json\/wp\/v2\/posts\/194530","targetHints":{"allow":["GET"]}}],"collection":[{"href":"https:\/\/nvnoticias.mx\/index.php\/wp-json\/wp\/v2\/posts"}],"about":[{"href":"https:\/\/nvnoticias.mx\/index.php\/wp-json\/wp\/v2\/types\/post"}],"author":[{"embeddable":true,"href":"https:\/\/nvnoticias.mx\/index.php\/wp-json\/wp\/v2\/users\/8"}],"replies":[{"embeddable":true,"href":"https:\/\/nvnoticias.mx\/index.php\/wp-json\/wp\/v2\/comments?post=194530"}],"version-history":[{"count":5,"href":"https:\/\/nvnoticias.mx\/index.php\/wp-json\/wp\/v2\/posts\/194530\/revisions"}],"predecessor-version":[{"id":194535,"href":"https:\/\/nvnoticias.mx\/index.php\/wp-json\/wp\/v2\/posts\/194530\/revisions\/194535"}],"wp:featuredmedia":[{"embeddable":true,"href":"https:\/\/nvnoticias.mx\/index.php\/wp-json\/wp\/v2\/media\/194536"}],"wp:attachment":[{"href":"https:\/\/nvnoticias.mx\/index.php\/wp-json\/wp\/v2\/media?parent=194530"}],"wp:term":[{"taxonomy":"category","embeddable":true,"href":"https:\/\/nvnoticias.mx\/index.php\/wp-json\/wp\/v2\/categories?post=194530"},{"taxonomy":"post_tag","embeddable":true,"href":"https:\/\/nvnoticias.mx\/index.php\/wp-json\/wp\/v2\/tags?post=194530"}],"curies":[{"name":"wp","href":"https:\/\/api.w.org\/{rel}","templated":true}]}}